{"id":28795,"date":"2025-07-01T10:07:00","date_gmt":"2025-07-01T15:07:00","guid":{"rendered":"https:\/\/ugelchucuito.edu.pe\/portal\/?p=28795"},"modified":"2025-07-02T14:08:04","modified_gmt":"2025-07-02T19:08:04","slug":"28795-2","status":"publish","type":"post","link":"https:\/\/ugelchucuito.edu.pe\/portal\/2025\/07\/01\/28795-2\/","title":{"rendered":""},"content":{"rendered":"\n<p>Queridas maestras y maestros de la UGEL Chucuito \u2013 Juli:<\/p>\n\n\n\n<p><a><\/a>Con motivo de conmemorar el D\u00eda del Maestro, tenemos el agrado de invitarles a participar de la Ceremonia de Reconocimiento a los docentes que en este a\u00f1o cumplen 25 y 30 a\u00f1os de servicio, como muestra de gratitud por su invaluable compromiso, esfuerzo y dedicaci\u00f3n en favor de la educaci\u00f3n de nuestra ni\u00f1ez y juventud.<\/p>\n\n\n\n<p>Ser\u00e1 un momento para celebrar juntos su entrega y compartir un espacio de reencuentro, alegr\u00eda y homenaje. Adem\u00e1s, hemos preparado gratas sorpresas para todos nuestros maestros y maestras asistentes.<\/p>\n\n\n\n<p><img loading=\"lazy\" decoding=\"async\" height=\"16\" width=\"16\" alt=\"\ud83d\udcc5\" src=\"https:\/\/static.xx.fbcdn.net\/images\/emoji.php\/v9\/t7e\/1\/16\/1f4c5.png\"> Fecha: 04 de julio de 2025<\/p>\n\n\n\n<p><img loading=\"lazy\" decoding=\"async\" height=\"16\" width=\"16\" alt=\"\ud83d\udd52\" src=\"https:\/\/static.xx.fbcdn.net\/images\/emoji.php\/v9\/taa\/1\/16\/1f552.png\"> Hora: 9:30 a.m<\/p>\n\n\n\n<p><img loading=\"lazy\" decoding=\"async\" height=\"16\" width=\"16\" alt=\"\ud83d\udccd\" src=\"https:\/\/static.xx.fbcdn.net\/images\/emoji.php\/v9\/t2d\/1\/16\/1f4cd.png\"> Lugar: Teatro Municipal de Juli<\/p>\n\n\n\n<p>\u00a1Los esperamos con mucho cari\u00f1o para reconocer y aplaudir su noble labor!<\/p>\n\n\n\n<p>\u00a1Feliz D\u00eda del Maestro!<\/p>\n\n\n\n<figure class=\"wp-block-image size-large\"><img decoding=\"async\" src=\"https:\/\/ugelchucuito.edu.pe\/portal\/wp-content\/uploads\/2025\/07\/1-726x1024.jpg\" alt=\"\" class=\"wp-image-28798\" \/><\/figure>\n\n\n\n<figure class=\"wp-block-image size-large\"><img decoding=\"async\" src=\"https:\/\/ugelchucuito.edu.pe\/portal\/wp-content\/uploads\/2025\/07\/Invitacion-Ceremonia--726x1024.jpg\" alt=\"\" class=\"wp-image-28809\" \/><\/figure>\n\n\n\n<figure class=\"wp-block-image size-large\"><img decoding=\"async\" src=\"https:\/\/ugelchucuito.edu.pe\/portal\/wp-content\/uploads\/2025\/07\/3-726x1024.jpg\" alt=\"\" class=\"wp-image-28797\" \/><\/figure>\n","protected":false},"excerpt":{"rendered":"<p>Queridas maestras y maestros de la UGEL Chucuito \u2013 Juli: Con motivo de conmemorar el D\u00eda del Maestro, tenemos el agrado de invitarles a participar de la Ceremonia de Reconocimiento a los docentes que en este a\u00f1o cumplen 25 y 30 a\u00f1os de servicio, como muestra de gratitud por su invaluable compromiso, esfuerzo y dedicaci\u00f3n [&hellip;]<\/p>\n","protected":false},"author":212,"featured_media":0,"comment_status":"open","ping_status":"open","sticky":false,"template":"","format":"standard","meta":{"footnotes":""},"categories":[],"tags":[],"class_list":["post-28795","post","type-post","status-publish","format-standard","hentry"],"_links":{"self":[{"href":"https:\/\/ugelchucuito.edu.pe\/portal\/wp-json\/wp\/v2\/posts\/28795","targetHints":{"allow":["GET"]}}],"collection":[{"href":"https:\/\/ugelchucuito.edu.pe\/portal\/wp-json\/wp\/v2\/posts"}],"about":[{"href":"https:\/\/ugelchucuito.edu.pe\/portal\/wp-json\/wp\/v2\/types\/post"}],"author":[{"embeddable":true,"href":"https:\/\/ugelchucuito.edu.pe\/portal\/wp-json\/wp\/v2\/users\/212"}],"replies":[{"embeddable":true,"href":"https:\/\/ugelchucuito.edu.pe\/portal\/wp-json\/wp\/v2\/comments?post=28795"}],"version-history":[{"count":2,"href":"https:\/\/ugelchucuito.edu.pe\/portal\/wp-json\/wp\/v2\/posts\/28795\/revisions"}],"predecessor-version":[{"id":28810,"href":"https:\/\/ugelchucuito.edu.pe\/portal\/wp-json\/wp\/v2\/posts\/28795\/revisions\/28810"}],"wp:attachment":[{"href":"https:\/\/ugelchucuito.edu.pe\/portal\/wp-json\/wp\/v2\/media?parent=28795"}],"wp:term":[{"taxonomy":"category","embeddable":true,"href":"https:\/\/ugelchucuito.edu.pe\/portal\/wp-json\/wp\/v2\/categories?post=28795"},{"taxonomy":"post_tag","embeddable":true,"href":"https:\/\/ugelchucuito.edu.pe\/portal\/wp-json\/wp\/v2\/tags?post=28795"}],"curies":[{"name":"wp","href":"https:\/\/api.w.org\/{rel}","templated":true}]}}