{"id":28841,"date":"2025-07-06T08:28:34","date_gmt":"2025-07-06T13:28:34","guid":{"rendered":"https:\/\/ugelchucuito.edu.pe\/portal\/?p=28841"},"modified":"2025-07-06T08:30:07","modified_gmt":"2025-07-06T13:30:07","slug":"feliz-dia-maestro-2","status":"publish","type":"post","link":"https:\/\/ugelchucuito.edu.pe\/portal\/2025\/07\/06\/feliz-dia-maestro-2\/","title":{"rendered":"Feliz d\u00eda Maestro!"},"content":{"rendered":"\n<p class=\"has-text-align-left\"><strong><mark style=\"background-color:#ffffff\" class=\"has-inline-color has-vivid-cyan-blue-color\">Hoy que se conmemora la creaci\u00f3n de la primera Escuela Normal de Varones en 1822 y se celebra oficialmente el D\u00eda del Maestro en el Per\u00fa, el corporativo de la UGEL Chucuito \u2013 Juli, liderada por su directora Dra. Ayda Gladys C\u00e1ceres Colquehuanca, extiende su m\u00e1s profundo y afectuoso saludo a todas las maestras y maestros de los niveles de Educaci\u00f3n Inicial, Primaria, Secundaria, EBE, EBA y CETPRO de nuestra jurisdicci\u00f3n<br>Queridas maestras, maestros y personal educativo: Su compromiso, vocaci\u00f3n, paciencia y entrega son la base del desarrollo humano y acad\u00e9mico de nuestros estudiantes. \u00a1Gracias por iluminar el camino de aprendizaje, por construir sue\u00f1os y forjar un futuro mejor para toda nuestra provincia! \u00a1Feliz D\u00eda del Maestro!<\/mark><\/strong><\/p>\n\n\n\n<figure class=\"wp-block-video\"><video controls src=\"https:\/\/ugelchucuito.edu.pe\/portal\/wp-content\/uploads\/2025\/07\/Saludo_dia_maestro_2025.mp4\"><\/video><\/figure>\n\n\n\n<p><\/p>\n\n\n\n<p class=\"has-text-align-center\"><strong><mark style=\"background-color:#ffffff\" class=\"has-inline-color has-vivid-red-color\">Dra. Ayda\u202fGladys C\u00e1ceres Colequehuanca<br>Directora de la UGEL\u00a0Chucuito\u00a0\u2013\u00a0Juli<\/mark><\/strong><\/p>\n","protected":false},"excerpt":{"rendered":"<p>Hoy que se conmemora la creaci\u00f3n de la primera Escuela Normal de Varones en 1822 y se celebra oficialmente el D\u00eda del Maestro en el Per\u00fa, el corporativo de la UGEL Chucuito \u2013 Juli, liderada por su directora Dra. Ayda Gladys C\u00e1ceres Colquehuanca, extiende su m\u00e1s profundo y afectuoso saludo a todas las maestras y [&hellip;]<\/p>\n","protected":false},"author":3,"featured_media":0,"comment_status":"open","ping_status":"open","sticky":false,"template":"","format":"standard","meta":{"footnotes":""},"categories":[],"tags":[],"class_list":["post-28841","post","type-post","status-publish","format-standard","hentry"],"_links":{"self":[{"href":"https:\/\/ugelchucuito.edu.pe\/portal\/wp-json\/wp\/v2\/posts\/28841","targetHints":{"allow":["GET"]}}],"collection":[{"href":"https:\/\/ugelchucuito.edu.pe\/portal\/wp-json\/wp\/v2\/posts"}],"about":[{"href":"https:\/\/ugelchucuito.edu.pe\/portal\/wp-json\/wp\/v2\/types\/post"}],"author":[{"embeddable":true,"href":"https:\/\/ugelchucuito.edu.pe\/portal\/wp-json\/wp\/v2\/users\/3"}],"replies":[{"embeddable":true,"href":"https:\/\/ugelchucuito.edu.pe\/portal\/wp-json\/wp\/v2\/comments?post=28841"}],"version-history":[{"count":2,"href":"https:\/\/ugelchucuito.edu.pe\/portal\/wp-json\/wp\/v2\/posts\/28841\/revisions"}],"predecessor-version":[{"id":28845,"href":"https:\/\/ugelchucuito.edu.pe\/portal\/wp-json\/wp\/v2\/posts\/28841\/revisions\/28845"}],"wp:attachment":[{"href":"https:\/\/ugelchucuito.edu.pe\/portal\/wp-json\/wp\/v2\/media?parent=28841"}],"wp:term":[{"taxonomy":"category","embeddable":true,"href":"https:\/\/ugelchucuito.edu.pe\/portal\/wp-json\/wp\/v2\/categories?post=28841"},{"taxonomy":"post_tag","embeddable":true,"href":"https:\/\/ugelchucuito.edu.pe\/portal\/wp-json\/wp\/v2\/tags?post=28841"}],"curies":[{"name":"wp","href":"https:\/\/api.w.org\/{rel}","templated":true}]}}