{"id":29101,"date":"2025-08-11T19:39:59","date_gmt":"2025-08-12T00:39:59","guid":{"rendered":"https:\/\/ugelchucuito.edu.pe\/portal\/?p=29101"},"modified":"2025-08-11T19:40:00","modified_gmt":"2025-08-12T00:40:00","slug":"comunicado-n-005-2025-adjudicacion-de-plazas-proceso-de-reasignacion-docente-por-las-causales-de-interes-personal-y-unidad-familiar-para-el-ano-2025-ugel-chucuito-juli-etapa-regional-se","status":"publish","type":"post","link":"https:\/\/ugelchucuito.edu.pe\/portal\/2025\/08\/11\/comunicado-n-005-2025-adjudicacion-de-plazas-proceso-de-reasignacion-docente-por-las-causales-de-interes-personal-y-unidad-familiar-para-el-ano-2025-ugel-chucuito-juli-etapa-regional-se\/","title":{"rendered":"COMUNICADO N\u00b0 005-2025. ADJUDICACI\u00d3N DE PLAZAS &#8211; PROCESO DE REASIGNACI\u00d3N DOCENTE POR LAS CAUSALES DE INTER\u00c9S PERSONAL Y UNIDAD FAMILIAR PARA EL A\u00d1O 2025 &#8211; UGEL CHUCUITO JULI &#8211; ETAPA REGIONAL &#8211; SEGUNDA FASE"},"content":{"rendered":"\n<div data-wp-interactive=\"core\/file\" class=\"wp-block-file\"><object data-wp-bind--hidden=\"!state.hasPdfPreview\" hidden class=\"wp-block-file__embed\" data=\"https:\/\/ugelchucuito.edu.pe\/portal\/wp-content\/uploads\/2025\/08\/COMUNICADO-005-2025.-REASIG_ETAPA_REGIONAL_II_ETAPA.pdf\" type=\"application\/pdf\" style=\"width:100%;height:600px\" aria-label=\"Incrustado de &lt;strong&gt;&lt;mark style=&quot;background-color:#ffffff&quot; class=&quot;has-inline-color has-vivid-cyan-blue-color&quot;&gt;- VER COMUNICADO DEL PROCESO&lt;\/mark&gt;&lt;\/strong&gt;.\"><\/object><a id=\"wp-block-file--media-6ce8569e-063d-443a-a947-d42c343c154c\" href=\"https:\/\/ugelchucuito.edu.pe\/portal\/wp-content\/uploads\/2025\/08\/COMUNICADO-005-2025.-REASIG_ETAPA_REGIONAL_II_ETAPA.pdf\" target=\"_blank\" rel=\"noreferrer noopener\"><strong><mark style=\"background-color:#ffffff\" class=\"has-inline-color has-vivid-cyan-blue-color\">&#8211; VER COMUNICADO DEL PROCESO<\/mark><\/strong><\/a><a href=\"https:\/\/ugelchucuito.edu.pe\/portal\/wp-content\/uploads\/2025\/08\/COMUNICADO-005-2025.-REASIG_ETAPA_REGIONAL_II_ETAPA.pdf\" class=\"wp-block-file__button wp-element-button\" download aria-describedby=\"wp-block-file--media-6ce8569e-063d-443a-a947-d42c343c154c\">Descarga<\/a><\/div>\n\n\n\n<div data-wp-interactive=\"core\/file\" class=\"wp-block-file\"><object data-wp-bind--hidden=\"!state.hasPdfPreview\" hidden class=\"wp-block-file__embed\" data=\"https:\/\/ugelchucuito.edu.pe\/portal\/wp-content\/uploads\/2025\/08\/CUADRO-DE-MERITOS-REASIGNACION-DOCENTE-2025-ETAPA-REGIONAL-FASE-2.pdf\" type=\"application\/pdf\" style=\"width:100%;height:600px\" aria-label=\"Incrustado de &lt;strong&gt;&lt;mark style=&quot;background-color:#ffffff&quot; class=&quot;has-inline-color has-vivid-cyan-blue-color&quot;&gt;- VER CUADRO DE M\u00c9RITOS REASIGNACI\u00d3N DOCENTE 2025 - ETAPA REGIONAL - FASE 2 - UGEL CHUCUITO&lt;\/mark&gt;&lt;\/strong&gt;.\"><\/object><a id=\"wp-block-file--media-c3b0586d-812a-41d5-bfd0-7e8d8b3dec90\" href=\"https:\/\/ugelchucuito.edu.pe\/portal\/wp-content\/uploads\/2025\/08\/CUADRO-DE-MERITOS-REASIGNACION-DOCENTE-2025-ETAPA-REGIONAL-FASE-2.pdf\" target=\"_blank\" rel=\"noreferrer noopener\"><strong><mark style=\"background-color:#ffffff\" class=\"has-inline-color has-vivid-cyan-blue-color\">&#8211; VER CUADRO DE M\u00c9RITOS REASIGNACI\u00d3N DOCENTE 2025 &#8211; ETAPA REGIONAL &#8211; FASE 2 &#8211; UGEL CHUCUITO<\/mark><\/strong><\/a><a href=\"https:\/\/ugelchucuito.edu.pe\/portal\/wp-content\/uploads\/2025\/08\/CUADRO-DE-MERITOS-REASIGNACION-DOCENTE-2025-ETAPA-REGIONAL-FASE-2.pdf\" class=\"wp-block-file__button wp-element-button\" download aria-describedby=\"wp-block-file--media-c3b0586d-812a-41d5-bfd0-7e8d8b3dec90\">Descarga<\/a><\/div>\n\n\n\n<div data-wp-interactive=\"core\/file\" class=\"wp-block-file\"><object data-wp-bind--hidden=\"!state.hasPdfPreview\" hidden class=\"wp-block-file__embed\" data=\"https:\/\/ugelchucuito.edu.pe\/portal\/wp-content\/uploads\/2025\/08\/REPORTE-DE-PLAZAS-VACANTES-REASIG.-SEGUNDA-ETAPA-2025.pdf\" type=\"application\/pdf\" style=\"width:100%;height:600px\" aria-label=\"Incrustado de &lt;strong&gt;&lt;mark style=&quot;background-color:#ffffff&quot; class=&quot;has-inline-color has-vivid-cyan-blue-color&quot;&gt;- VER PUBLICACI\u00d3N DE PLAZAS REASIGNACI\u00d3N - ETAPA REGIONAL - FASE 2 UGEL\u00a0CHUCUITO\u00a02025&lt;\/mark&gt;&lt;\/strong&gt;.\"><\/object><a id=\"wp-block-file--media-789ca675-5992-41ea-acd9-bbd9a7ac2f81\" href=\"https:\/\/ugelchucuito.edu.pe\/portal\/wp-content\/uploads\/2025\/08\/REPORTE-DE-PLAZAS-VACANTES-REASIG.-SEGUNDA-ETAPA-2025.pdf\" target=\"_blank\" rel=\"noreferrer noopener\"><strong><mark style=\"background-color:#ffffff\" class=\"has-inline-color has-vivid-cyan-blue-color\">&#8211; VER PUBLICACI\u00d3N DE PLAZAS REASIGNACI\u00d3N &#8211; ETAPA REGIONAL &#8211; FASE 2 UGEL\u00a0CHUCUITO\u00a02025<\/mark><\/strong><\/a><a href=\"https:\/\/ugelchucuito.edu.pe\/portal\/wp-content\/uploads\/2025\/08\/REPORTE-DE-PLAZAS-VACANTES-REASIG.-SEGUNDA-ETAPA-2025.pdf\" class=\"wp-block-file__button wp-element-button\" download aria-describedby=\"wp-block-file--media-789ca675-5992-41ea-acd9-bbd9a7ac2f81\">Descarga<\/a><\/div>\n","protected":false},"excerpt":{"rendered":"","protected":false},"author":211,"featured_media":0,"comment_status":"closed","ping_status":"closed","sticky":false,"template":"","format":"standard","meta":{"footnotes":""},"categories":[],"tags":[],"class_list":["post-29101","post","type-post","status-publish","format-standard","hentry"],"_links":{"self":[{"href":"https:\/\/ugelchucuito.edu.pe\/portal\/wp-json\/wp\/v2\/posts\/29101","targetHints":{"allow":["GET"]}}],"collection":[{"href":"https:\/\/ugelchucuito.edu.pe\/portal\/wp-json\/wp\/v2\/posts"}],"about":[{"href":"https:\/\/ugelchucuito.edu.pe\/portal\/wp-json\/wp\/v2\/types\/post"}],"author":[{"embeddable":true,"href":"https:\/\/ugelchucuito.edu.pe\/portal\/wp-json\/wp\/v2\/users\/211"}],"replies":[{"embeddable":true,"href":"https:\/\/ugelchucuito.edu.pe\/portal\/wp-json\/wp\/v2\/comments?post=29101"}],"version-history":[{"count":1,"href":"https:\/\/ugelchucuito.edu.pe\/portal\/wp-json\/wp\/v2\/posts\/29101\/revisions"}],"predecessor-version":[{"id":29104,"href":"https:\/\/ugelchucuito.edu.pe\/portal\/wp-json\/wp\/v2\/posts\/29101\/revisions\/29104"}],"wp:attachment":[{"href":"https:\/\/ugelchucuito.edu.pe\/portal\/wp-json\/wp\/v2\/media?parent=29101"}],"wp:term":[{"taxonomy":"category","embeddable":true,"href":"https:\/\/ugelchucuito.edu.pe\/portal\/wp-json\/wp\/v2\/categories?post=29101"},{"taxonomy":"post_tag","embeddable":true,"href":"https:\/\/ugelchucuito.edu.pe\/portal\/wp-json\/wp\/v2\/tags?post=29101"}],"curies":[{"name":"wp","href":"https:\/\/api.w.org\/{rel}","templated":true}]}}