{"id":29113,"date":"2025-08-13T21:02:04","date_gmt":"2025-08-14T02:02:04","guid":{"rendered":"https:\/\/ugelchucuito.edu.pe\/portal\/?p=29113"},"modified":"2025-08-13T21:02:05","modified_gmt":"2025-08-14T02:02:05","slug":"resultados-preliminares-proceso-de-reasignacion-de-auxiliares-de-educacion-por-razones-de-interes-personal-y-unidad-familiar-2025-ugel-chucuito","status":"publish","type":"post","link":"https:\/\/ugelchucuito.edu.pe\/portal\/2025\/08\/13\/resultados-preliminares-proceso-de-reasignacion-de-auxiliares-de-educacion-por-razones-de-interes-personal-y-unidad-familiar-2025-ugel-chucuito\/","title":{"rendered":"RESULTADOS PRELIMINARES &#8211; PROCESO DE REASIGNACI\u00d3N DE AUXILIARES DE EDUCACI\u00d3N, POR RAZONES DE INTER\u00c9S PERSONAL Y UNIDAD FAMILIAR 2025 &#8211; UGEL CHUCUITO"},"content":{"rendered":"\n<div data-wp-interactive=\"core\/file\" class=\"wp-block-file\"><object data-wp-bind--hidden=\"!state.hasPdfPreview\" hidden class=\"wp-block-file__embed\" data=\"https:\/\/ugelchucuito.edu.pe\/portal\/wp-content\/uploads\/2025\/08\/RESULT-PRELIM-REASIG-AUXILIAR-EDUC-INT-PERS-Y-UNID-FAM-2025-UGEL-CHUCUITO.pdf\" type=\"application\/pdf\" style=\"width:100%;height:600px\" aria-label=\"Incrustado de &lt;strong&gt;&lt;mark style=&quot;background-color:#ffffff&quot; class=&quot;has-inline-color has-vivid-cyan-blue-color&quot;&gt;- VER RESULTADOS PRELIMINARES REASIG AUXILIAR EDUC INT PERS Y UNID FAM 2025 UGEL CHUCUITO&lt;\/mark&gt;&lt;\/strong&gt;.\"><\/object><a id=\"wp-block-file--media-9fd6d60e-ca24-4e98-aee0-82a3a2ea2b92\" href=\"https:\/\/ugelchucuito.edu.pe\/portal\/wp-content\/uploads\/2025\/08\/RESULT-PRELIM-REASIG-AUXILIAR-EDUC-INT-PERS-Y-UNID-FAM-2025-UGEL-CHUCUITO.pdf\" target=\"_blank\" rel=\"noreferrer noopener\"><strong><mark style=\"background-color:#ffffff\" class=\"has-inline-color has-vivid-cyan-blue-color\">&#8211; VER RESULTADOS PRELIMINARES REASIG AUXILIAR EDUC INT PERS Y UNID FAM 2025 UGEL CHUCUITO<\/mark><\/strong><\/a><a href=\"https:\/\/ugelchucuito.edu.pe\/portal\/wp-content\/uploads\/2025\/08\/RESULT-PRELIM-REASIG-AUXILIAR-EDUC-INT-PERS-Y-UNID-FAM-2025-UGEL-CHUCUITO.pdf\" class=\"wp-block-file__button wp-element-button\" download aria-describedby=\"wp-block-file--media-9fd6d60e-ca24-4e98-aee0-82a3a2ea2b92\">Descarga<\/a><\/div>\n\n\n\n<div data-wp-interactive=\"core\/file\" class=\"wp-block-file\"><object data-wp-bind--hidden=\"!state.hasPdfPreview\" hidden class=\"wp-block-file__embed\" data=\"https:\/\/ugelchucuito.edu.pe\/portal\/wp-content\/uploads\/2025\/08\/PUBLICACION-PLAZAS-FINAL-PARA-EL-PROCESO-DE-REASIGNACION-DE-AUXILIARES-DE-EDUCACION-IP-Y-UF-2025.pdf\" type=\"application\/pdf\" style=\"width:100%;height:600px\" aria-label=\"Incrustado de &lt;strong&gt;&lt;mark style=&quot;background-color:#ffffff&quot; class=&quot;has-inline-color has-vivid-cyan-blue-color&quot;&gt;- VER PUBLICACI\u00d3N DE PLAZAS FINAL PARA EL PROCESO DE REASIGNACION DE AUXILIARES DE EDUCACION IP Y UF 2025&lt;\/mark&gt;&lt;\/strong&gt;.\"><\/object><a id=\"wp-block-file--media-68721900-254e-48c0-b6c1-f6c93030c92d\" href=\"https:\/\/ugelchucuito.edu.pe\/portal\/wp-content\/uploads\/2025\/08\/PUBLICACION-PLAZAS-FINAL-PARA-EL-PROCESO-DE-REASIGNACION-DE-AUXILIARES-DE-EDUCACION-IP-Y-UF-2025.pdf\" target=\"_blank\" rel=\"noreferrer noopener\"><strong><mark style=\"background-color:#ffffff\" class=\"has-inline-color has-vivid-cyan-blue-color\">&#8211; VER PUBLICACI\u00d3N DE PLAZAS FINAL PARA EL PROCESO DE REASIGNACION DE AUXILIARES DE EDUCACION IP Y UF 2025<\/mark><\/strong><\/a><a href=\"https:\/\/ugelchucuito.edu.pe\/portal\/wp-content\/uploads\/2025\/08\/PUBLICACION-PLAZAS-FINAL-PARA-EL-PROCESO-DE-REASIGNACION-DE-AUXILIARES-DE-EDUCACION-IP-Y-UF-2025.pdf\" class=\"wp-block-file__button wp-element-button\" download aria-describedby=\"wp-block-file--media-68721900-254e-48c0-b6c1-f6c93030c92d\">Descarga<\/a><\/div>\n\n\n\n<div data-wp-interactive=\"core\/file\" class=\"wp-block-file\"><object data-wp-bind--hidden=\"!state.hasPdfPreview\" hidden class=\"wp-block-file__embed\" data=\"https:\/\/ugelchucuito.edu.pe\/portal\/wp-content\/uploads\/2025\/08\/CRONOGRAMA-REGIONAL-REASIG-AUXILIAR-EDUC-INT-PERS-Y-UNID-FAM-2025.pdf\" type=\"application\/pdf\" style=\"width:100%;height:600px\" aria-label=\"Incrustado de &lt;strong&gt;&lt;mark style=&quot;background-color:#ffffff&quot; class=&quot;has-inline-color has-vivid-cyan-blue-color&quot;&gt;- VER CRONOGRAMA REGIONAL REASIG AUXILIAR EDUC INT PERS Y UNID FAM 2025&lt;\/mark&gt;&lt;\/strong&gt;.\"><\/object><a id=\"wp-block-file--media-a9727e99-e37d-4b5b-9ba0-969090e620b9\" href=\"https:\/\/ugelchucuito.edu.pe\/portal\/wp-content\/uploads\/2025\/08\/CRONOGRAMA-REGIONAL-REASIG-AUXILIAR-EDUC-INT-PERS-Y-UNID-FAM-2025.pdf\" target=\"_blank\" rel=\"noreferrer noopener\"><strong><mark style=\"background-color:#ffffff\" class=\"has-inline-color has-vivid-cyan-blue-color\">&#8211; VER CRONOGRAMA REGIONAL REASIG AUXILIAR EDUC INT PERS Y UNID FAM 2025<\/mark><\/strong><\/a><a href=\"https:\/\/ugelchucuito.edu.pe\/portal\/wp-content\/uploads\/2025\/08\/CRONOGRAMA-REGIONAL-REASIG-AUXILIAR-EDUC-INT-PERS-Y-UNID-FAM-2025.pdf\" class=\"wp-block-file__button wp-element-button\" download aria-describedby=\"wp-block-file--media-a9727e99-e37d-4b5b-9ba0-969090e620b9\">Descarga<\/a><\/div>\n\n\n\n<p><\/p>\n","protected":false},"excerpt":{"rendered":"","protected":false},"author":211,"featured_media":0,"comment_status":"closed","ping_status":"closed","sticky":false,"template":"","format":"standard","meta":{"footnotes":""},"categories":[],"tags":[],"class_list":["post-29113","post","type-post","status-publish","format-standard","hentry"],"_links":{"self":[{"href":"https:\/\/ugelchucuito.edu.pe\/portal\/wp-json\/wp\/v2\/posts\/29113","targetHints":{"allow":["GET"]}}],"collection":[{"href":"https:\/\/ugelchucuito.edu.pe\/portal\/wp-json\/wp\/v2\/posts"}],"about":[{"href":"https:\/\/ugelchucuito.edu.pe\/portal\/wp-json\/wp\/v2\/types\/post"}],"author":[{"embeddable":true,"href":"https:\/\/ugelchucuito.edu.pe\/portal\/wp-json\/wp\/v2\/users\/211"}],"replies":[{"embeddable":true,"href":"https:\/\/ugelchucuito.edu.pe\/portal\/wp-json\/wp\/v2\/comments?post=29113"}],"version-history":[{"count":1,"href":"https:\/\/ugelchucuito.edu.pe\/portal\/wp-json\/wp\/v2\/posts\/29113\/revisions"}],"predecessor-version":[{"id":29118,"href":"https:\/\/ugelchucuito.edu.pe\/portal\/wp-json\/wp\/v2\/posts\/29113\/revisions\/29118"}],"wp:attachment":[{"href":"https:\/\/ugelchucuito.edu.pe\/portal\/wp-json\/wp\/v2\/media?parent=29113"}],"wp:term":[{"taxonomy":"category","embeddable":true,"href":"https:\/\/ugelchucuito.edu.pe\/portal\/wp-json\/wp\/v2\/categories?post=29113"},{"taxonomy":"post_tag","embeddable":true,"href":"https:\/\/ugelchucuito.edu.pe\/portal\/wp-json\/wp\/v2\/tags?post=29113"}],"curies":[{"name":"wp","href":"https:\/\/api.w.org\/{rel}","templated":true}]}}