{"id":29128,"date":"2025-08-15T11:47:05","date_gmt":"2025-08-15T16:47:05","guid":{"rendered":"https:\/\/ugelchucuito.edu.pe\/portal\/?p=29128"},"modified":"2025-08-15T11:47:09","modified_gmt":"2025-08-15T16:47:09","slug":"29128-2","status":"publish","type":"post","link":"https:\/\/ugelchucuito.edu.pe\/portal\/2025\/08\/15\/29128-2\/","title":{"rendered":""},"content":{"rendered":"\n<p>JUVENTUD QUE INVESTIGA Y DEBATE: UGEL CHUCUITO IMPULSA EL PENSAMIENTO CR\u00cdTICO EN EL V CONCURSO REGIONAL DE INVESTIGACI\u00d3N HIST\u00d3RICA Y DISERTACI\u00d3N<\/p>\n\n\n\n<p><a><\/a>Juli, 14 \/08\/2025. \u2014 Con una destacada muestra de an\u00e1lisis y oratoria, hoy se desarroll\u00f3 la etapa UGEL del V Concurso Regional de Investigaci\u00f3n Hist\u00f3rica y Disertaci\u00f3n bajo el tema: \u201cImpacto de la econom\u00eda informal en la \u00e9poca contempor\u00e1nea en el \u00e1mbito de la Regi\u00f3n Puno\u201d.<\/p>\n\n\n\n<p>El evento reuni\u00f3 a estudiantes del Ciclo VII de 14 instituciones educativas del \u00e1mbito de la UGEL Chucuito, bajo la coordinaci\u00f3n del especialista de DPCC y <a href=\"https:\/\/l.facebook.com\/l.php?u=http%3A%2F%2FCC.SS%2F%3Ffbclid%3DIwZXh0bgNhZW0CMTAAYnJpZBExZ09LV284V0RsWlhFN0RWSQEeO5Vtn2wJMnw3Ge_GLwC6Ns8k29MPlZYpIwVWvjIJJ5YcOg3wqvn6Me5YvBA_aem_M0epPIElLPSmzWARAXXAlQ&amp;h=AT1kXUT5wLzXuKVgNc9qI3MPALTl6m_Ys0lGh5BF4oelGOXZ9PTPEo3QFQfxxLvKbgfllVYQ5NLNrVp83q46Jd8NGHLWfwhqw1h8jkos8KjtP_BGOx1tiw4AIyt86r4BDeDZj0O5OPqme_u0&amp;__tn__=-UK-R&amp;c[0]=AT2HzHn2dULkVE2CFH8IrqibAakbLqUeFXG3W3D0dUbGIHAaIKtFTPEdErj-gz6-MRdFPsXEks8HtJedtNQbSWeKcs8ADlaUeB4NzdT5ggSia-tbuj2qiQrjjuo0KHStKO4n72i8KXNC3KbMoFNixnjbjFYVa8ebj1twWnNQPXoJFTPy64yyM--DQmA628iAzZQXpMRHKwUw-ZEJ6_cuEXZt1A\" target=\"_blank\" rel=\"noreferrer noopener\">CC.SS.<\/a> Adolfo Marcial Campos Huarilloclla.<\/p>\n\n\n\n<p>La jornada cont\u00f3 con la valiosa participaci\u00f3n del jurado calificador integrado por Edgard Antonio Calla Flores, \u00c1ngel Balcona Balc\u00f3n y Mart\u00edn Ricardo Paredes Ramos, quienes evaluaron rigurosamente las investigaciones y presentaciones de los estudiantes.<\/p>\n\n\n\n<p>Ganadores de la etapa UGEL:<\/p>\n\n\n\n<p>Primer Lugar: Luz Milagros Huallpa Totora \u2013 IES Manuel Gonzales Prada de Isani, distrito de Zepita (78.00 puntos) \u2013 Asesora: Mary Luz Quispe Chambilla. Representar\u00e1 a la UGEL Chucuito en la etapa regional, que se desarrollar\u00e1 el 29 de agosto.<\/p>\n\n\n\n<p>Segundo Lugar: Hern\u00e1n Cachi Cachi \u2013 IES Juan Velasco Alvarado de Tasapa, distrito de Zepita (77.33 puntos) \u2013 Asesor: V\u00edctor Choque\u00f1a Espinoza.<\/p>\n\n\n\n<p>Tercer Lugar: Dina Edith Acarapi Vargas \u2013 IES Polit\u00e9cnico Huacani de Pomata (77.00 puntos) \u2013 Asesor: Juan Pablo Atahuachi Mamani.<\/p>\n\n\n\n<p>La UGEL Chucuito felicita a todos los participantes por su compromiso con la investigaci\u00f3n hist\u00f3rica y la reflexi\u00f3n cr\u00edtica, demostrando que la juventud pune\u00f1a es capaz de analizar los desaf\u00edos contempor\u00e1neos con profundidad, argumentaci\u00f3n y sentido social.<\/p>\n","protected":false},"excerpt":{"rendered":"<p>JUVENTUD QUE INVESTIGA Y DEBATE: UGEL CHUCUITO IMPULSA EL PENSAMIENTO CR\u00cdTICO EN EL V CONCURSO REGIONAL DE INVESTIGACI\u00d3N HIST\u00d3RICA Y DISERTACI\u00d3N Juli, 14 \/08\/2025. \u2014 Con una destacada muestra de an\u00e1lisis y oratoria, hoy se desarroll\u00f3 la etapa UGEL del V Concurso Regional de Investigaci\u00f3n Hist\u00f3rica y Disertaci\u00f3n bajo el tema: \u201cImpacto de la econom\u00eda [&hellip;]<\/p>\n","protected":false},"author":212,"featured_media":0,"comment_status":"closed","ping_status":"closed","sticky":false,"template":"","format":"standard","meta":{"footnotes":""},"categories":[],"tags":[],"class_list":["post-29128","post","type-post","status-publish","format-standard","hentry"],"_links":{"self":[{"href":"https:\/\/ugelchucuito.edu.pe\/portal\/wp-json\/wp\/v2\/posts\/29128","targetHints":{"allow":["GET"]}}],"collection":[{"href":"https:\/\/ugelchucuito.edu.pe\/portal\/wp-json\/wp\/v2\/posts"}],"about":[{"href":"https:\/\/ugelchucuito.edu.pe\/portal\/wp-json\/wp\/v2\/types\/post"}],"author":[{"embeddable":true,"href":"https:\/\/ugelchucuito.edu.pe\/portal\/wp-json\/wp\/v2\/users\/212"}],"replies":[{"embeddable":true,"href":"https:\/\/ugelchucuito.edu.pe\/portal\/wp-json\/wp\/v2\/comments?post=29128"}],"version-history":[{"count":1,"href":"https:\/\/ugelchucuito.edu.pe\/portal\/wp-json\/wp\/v2\/posts\/29128\/revisions"}],"predecessor-version":[{"id":29130,"href":"https:\/\/ugelchucuito.edu.pe\/portal\/wp-json\/wp\/v2\/posts\/29128\/revisions\/29130"}],"wp:attachment":[{"href":"https:\/\/ugelchucuito.edu.pe\/portal\/wp-json\/wp\/v2\/media?parent=29128"}],"wp:term":[{"taxonomy":"category","embeddable":true,"href":"https:\/\/ugelchucuito.edu.pe\/portal\/wp-json\/wp\/v2\/categories?post=29128"},{"taxonomy":"post_tag","embeddable":true,"href":"https:\/\/ugelchucuito.edu.pe\/portal\/wp-json\/wp\/v2\/tags?post=29128"}],"curies":[{"name":"wp","href":"https:\/\/api.w.org\/{rel}","templated":true}]}}