{"id":29131,"date":"2025-08-15T12:25:55","date_gmt":"2025-08-15T17:25:55","guid":{"rendered":"https:\/\/ugelchucuito.edu.pe\/portal\/?p=29131"},"modified":"2025-08-15T12:26:48","modified_gmt":"2025-08-15T17:26:48","slug":"29131-2","status":"publish","type":"post","link":"https:\/\/ugelchucuito.edu.pe\/portal\/2025\/08\/15\/29131-2\/","title":{"rendered":""},"content":{"rendered":"\n<p>VOCES QUE INSPIRAN: J\u00d3VENES REVIVEN EL ESP\u00cdRITU PATRIO EN EL II CONCURSO PROVINCIAL DE ENSAYO HIST\u00d3RICO Y MON\u00d3LOGO<\/p>\n\n\n\n<p>Juli, 14 \/08\/2025. \u2014 Por segundo a\u00f1o consecutivo, la <a><\/a>UGEL Chucuito &#8211; Juli fue escenario del II Concurso Provincial de Ensayo Hist\u00f3rico y Mon\u00f3logo \u201cMi patriota favorito y el pa\u00eds que anhelo\u201d, una jornada donde el talento, la oratoria y la reflexi\u00f3n sobre el Per\u00fa que so\u00f1amos se unieron en una sola voz.<\/p>\n\n\n\n<p>En esta edici\u00f3n participaron 9 estudiantes del VI ciclo de distintas instituciones educativas, quienes presentaron sus mejores argumentos y dramatizaciones para rendir homenaje a figuras hist\u00f3ricas y proyectar su visi\u00f3n de futuro para la naci\u00f3n.<\/p>\n\n\n\n<p>Durante la premiaci\u00f3n los encargados del concurso felicitaron a todos los participantes por su capacidad de investigaci\u00f3n, creatividad y compromiso ciudadano, reafirmando que la juventud tiene un papel fundamental en la construcci\u00f3n de un pa\u00eds m\u00e1s justo, democr\u00e1tico y solidario.<\/p>\n\n\n\n<p>Resultados del concurso:<\/p>\n\n\n\n<p>\u2022 Primer Lugar: Aleli Adriana Curtihuanca Chagua \u2013 IES Tel\u00e9sforo Catacora (51.00 puntos) \u2013 Asesor: Ludwin David Cornejo Vargas.<\/p>\n\n\n\n<p>\u2022 Segundo Lugar: Yharita Maripaz Mamani Mamani \u2013 IES Agroindustrial Kelluyo (50.33 puntos) \u2013 Asesor: Javier Juan Chambilla Garc\u00eda.<\/p>\n\n\n\n<p>\u2022 Tercer Lugar: Meliza Yandy Mayta Mamani \u2013 IES Challapampa (50.00 puntos) \u2013 Asesora: Bertha Yaquelini Ramos Alave.<\/p>\n\n\n\n<p><\/p>\n","protected":false},"excerpt":{"rendered":"<p>VOCES QUE INSPIRAN: J\u00d3VENES REVIVEN EL ESP\u00cdRITU PATRIO EN EL II CONCURSO PROVINCIAL DE ENSAYO HIST\u00d3RICO Y MON\u00d3LOGO Juli, 14 \/08\/2025. \u2014 Por segundo a\u00f1o consecutivo, la UGEL Chucuito &#8211; Juli fue escenario del II Concurso Provincial de Ensayo Hist\u00f3rico y Mon\u00f3logo \u201cMi patriota favorito y el pa\u00eds que anhelo\u201d, una jornada donde el talento, [&hellip;]<\/p>\n","protected":false},"author":212,"featured_media":0,"comment_status":"closed","ping_status":"closed","sticky":false,"template":"","format":"standard","meta":{"footnotes":""},"categories":[],"tags":[],"class_list":["post-29131","post","type-post","status-publish","format-standard","hentry"],"_links":{"self":[{"href":"https:\/\/ugelchucuito.edu.pe\/portal\/wp-json\/wp\/v2\/posts\/29131","targetHints":{"allow":["GET"]}}],"collection":[{"href":"https:\/\/ugelchucuito.edu.pe\/portal\/wp-json\/wp\/v2\/posts"}],"about":[{"href":"https:\/\/ugelchucuito.edu.pe\/portal\/wp-json\/wp\/v2\/types\/post"}],"author":[{"embeddable":true,"href":"https:\/\/ugelchucuito.edu.pe\/portal\/wp-json\/wp\/v2\/users\/212"}],"replies":[{"embeddable":true,"href":"https:\/\/ugelchucuito.edu.pe\/portal\/wp-json\/wp\/v2\/comments?post=29131"}],"version-history":[{"count":2,"href":"https:\/\/ugelchucuito.edu.pe\/portal\/wp-json\/wp\/v2\/posts\/29131\/revisions"}],"predecessor-version":[{"id":29134,"href":"https:\/\/ugelchucuito.edu.pe\/portal\/wp-json\/wp\/v2\/posts\/29131\/revisions\/29134"}],"wp:attachment":[{"href":"https:\/\/ugelchucuito.edu.pe\/portal\/wp-json\/wp\/v2\/media?parent=29131"}],"wp:term":[{"taxonomy":"category","embeddable":true,"href":"https:\/\/ugelchucuito.edu.pe\/portal\/wp-json\/wp\/v2\/categories?post=29131"},{"taxonomy":"post_tag","embeddable":true,"href":"https:\/\/ugelchucuito.edu.pe\/portal\/wp-json\/wp\/v2\/tags?post=29131"}],"curies":[{"name":"wp","href":"https:\/\/api.w.org\/{rel}","templated":true}]}}