{"id":29172,"date":"2025-08-22T20:38:17","date_gmt":"2025-08-23T01:38:17","guid":{"rendered":"https:\/\/ugelchucuito.edu.pe\/portal\/?p=29172"},"modified":"2025-08-22T20:38:18","modified_gmt":"2025-08-23T01:38:18","slug":"comunicado-n-006-2025-adjudicacion-de-plazas-proceso-de-reasignacion-docente-por-las-causales-de-interes-personal-y-unidad-familiar-para-el-ano-2025-ugel-chucuito-juli","status":"publish","type":"post","link":"https:\/\/ugelchucuito.edu.pe\/portal\/2025\/08\/22\/comunicado-n-006-2025-adjudicacion-de-plazas-proceso-de-reasignacion-docente-por-las-causales-de-interes-personal-y-unidad-familiar-para-el-ano-2025-ugel-chucuito-juli\/","title":{"rendered":"COMUNICADO N\u00b0 006-2025. ADJUDICACI\u00d3N DE PLAZAS \u2013 PROCESO DE REASIGNACI\u00d3N DOCENTE POR LAS CAUSALES DE INTER\u00c9S PERSONAL Y UNIDAD FAMILIAR PARA EL A\u00d1O 2025 \u2013 UGEL CHUCUITO JULI \u2013 ETAPA INTERREGIONAL \u2013 FASE \u00daNICA"},"content":{"rendered":"\n<div data-wp-interactive=\"core\/file\" class=\"wp-block-file\"><object data-wp-bind--hidden=\"!state.hasPdfPreview\" hidden class=\"wp-block-file__embed\" data=\"https:\/\/ugelchucuito.edu.pe\/portal\/wp-content\/uploads\/2025\/08\/COMUNICADO-006-2025.-REASIG_ETAPA_INTERREGIONAL.pdf\" type=\"application\/pdf\" style=\"width:100%;height:600px\" aria-label=\"Incrustado de &lt;strong&gt;&lt;mark style=&quot;background-color:#ffffff&quot; class=&quot;has-inline-color has-vivid-cyan-blue-color&quot;&gt;- VER COMUNICADO DEL PROCESO&lt;\/mark&gt;&lt;\/strong&gt;.\"><\/object><a id=\"wp-block-file--media-10d03d1d-da37-4804-827f-df7731ad3876\" href=\"https:\/\/ugelchucuito.edu.pe\/portal\/wp-content\/uploads\/2025\/08\/COMUNICADO-006-2025.-REASIG_ETAPA_INTERREGIONAL.pdf\" target=\"_blank\" rel=\"noreferrer noopener\"><strong><mark style=\"background-color:#ffffff\" class=\"has-inline-color has-vivid-cyan-blue-color\">&#8211; VER COMUNICADO DEL PROCESO<\/mark><\/strong><\/a><a href=\"https:\/\/ugelchucuito.edu.pe\/portal\/wp-content\/uploads\/2025\/08\/COMUNICADO-006-2025.-REASIG_ETAPA_INTERREGIONAL.pdf\" class=\"wp-block-file__button wp-element-button\" download aria-describedby=\"wp-block-file--media-10d03d1d-da37-4804-827f-df7731ad3876\">Descarga<\/a><\/div>\n\n\n\n<div data-wp-interactive=\"core\/file\" class=\"wp-block-file\"><object data-wp-bind--hidden=\"!state.hasPdfPreview\" hidden class=\"wp-block-file__embed\" data=\"https:\/\/ugelchucuito.edu.pe\/portal\/wp-content\/uploads\/2025\/08\/CUADRO-DE-MERITOS-ETAPA-UGEL-CHUCUITO_PROCESO-DE-REASIGNACION-DOCENTE-2025_FINAL.pdf\" type=\"application\/pdf\" style=\"width:100%;height:600px\" aria-label=\"Incrustado de &lt;strong&gt;&lt;mark style=&quot;background-color:#ffffff&quot; class=&quot;has-inline-color has-vivid-cyan-blue-color&quot;&gt;\u2013 VER CUADRO DE M\u00c9RITOS REASIGNACI\u00d3N DOCENTE 2025 \u2013 ETAPA INTERREGIONAL  \u2013 UGEL CHUCUITO&lt;\/mark&gt;&lt;\/strong&gt;.\"><\/object><a id=\"wp-block-file--media-9b8f56fc-e822-4a00-873d-dccb9934ab1c\" href=\"https:\/\/ugelchucuito.edu.pe\/portal\/wp-content\/uploads\/2025\/08\/CUADRO-DE-MERITOS-ETAPA-UGEL-CHUCUITO_PROCESO-DE-REASIGNACION-DOCENTE-2025_FINAL.pdf\" target=\"_blank\" rel=\"noreferrer noopener\"><strong><mark style=\"background-color:#ffffff\" class=\"has-inline-color has-vivid-cyan-blue-color\">\u2013 VER CUADRO DE M\u00c9RITOS REASIGNACI\u00d3N DOCENTE 2025 \u2013 ETAPA INTERREGIONAL  \u2013 UGEL CHUCUITO<\/mark><\/strong><\/a><a href=\"https:\/\/ugelchucuito.edu.pe\/portal\/wp-content\/uploads\/2025\/08\/CUADRO-DE-MERITOS-ETAPA-UGEL-CHUCUITO_PROCESO-DE-REASIGNACION-DOCENTE-2025_FINAL.pdf\" class=\"wp-block-file__button wp-element-button\" download aria-describedby=\"wp-block-file--media-9b8f56fc-e822-4a00-873d-dccb9934ab1c\">Descarga<\/a><\/div>\n\n\n\n<div data-wp-interactive=\"core\/file\" class=\"wp-block-file\"><object data-wp-bind--hidden=\"!state.hasPdfPreview\" hidden class=\"wp-block-file__embed\" data=\"https:\/\/ugelchucuito.edu.pe\/portal\/wp-content\/uploads\/2025\/08\/REPORTE-DE-PLAZAS-VACANTES-REASIGNACIONES-INTERREGIONAL-2025-FINAL.pdf\" type=\"application\/pdf\" style=\"width:100%;height:600px\" aria-label=\"Incrustado de &lt;strong&gt;&lt;mark style=&quot;background-color:#ffffff&quot; class=&quot;has-inline-color has-vivid-cyan-blue-color&quot;&gt;- VER PUBLICACI\u00d3N DE PLAZAS REASIGNACI\u00d3N \u2013 ETAPA INTERREGIONAL \u2013 UGEL CHUCUITO 2025&lt;\/mark&gt;&lt;\/strong&gt;.\"><\/object><a id=\"wp-block-file--media-000f527c-e2d2-4362-8842-457a4b92eed4\" href=\"https:\/\/ugelchucuito.edu.pe\/portal\/wp-content\/uploads\/2025\/08\/REPORTE-DE-PLAZAS-VACANTES-REASIGNACIONES-INTERREGIONAL-2025-FINAL.pdf\" target=\"_blank\" rel=\"noreferrer noopener\"><strong><mark style=\"background-color:#ffffff\" class=\"has-inline-color has-vivid-cyan-blue-color\">&#8211; VER PUBLICACI\u00d3N DE PLAZAS REASIGNACI\u00d3N \u2013 ETAPA INTERREGIONAL \u2013 UGEL CHUCUITO 2025<\/mark><\/strong><\/a><a href=\"https:\/\/ugelchucuito.edu.pe\/portal\/wp-content\/uploads\/2025\/08\/REPORTE-DE-PLAZAS-VACANTES-REASIGNACIONES-INTERREGIONAL-2025-FINAL.pdf\" class=\"wp-block-file__button wp-element-button\" download aria-describedby=\"wp-block-file--media-000f527c-e2d2-4362-8842-457a4b92eed4\">Descarga<\/a><\/div>\n\n\n\n<p><\/p>\n","protected":false},"excerpt":{"rendered":"","protected":false},"author":211,"featured_media":0,"comment_status":"closed","ping_status":"closed","sticky":false,"template":"","format":"standard","meta":{"footnotes":""},"categories":[],"tags":[],"class_list":["post-29172","post","type-post","status-publish","format-standard","hentry"],"_links":{"self":[{"href":"https:\/\/ugelchucuito.edu.pe\/portal\/wp-json\/wp\/v2\/posts\/29172","targetHints":{"allow":["GET"]}}],"collection":[{"href":"https:\/\/ugelchucuito.edu.pe\/portal\/wp-json\/wp\/v2\/posts"}],"about":[{"href":"https:\/\/ugelchucuito.edu.pe\/portal\/wp-json\/wp\/v2\/types\/post"}],"author":[{"embeddable":true,"href":"https:\/\/ugelchucuito.edu.pe\/portal\/wp-json\/wp\/v2\/users\/211"}],"replies":[{"embeddable":true,"href":"https:\/\/ugelchucuito.edu.pe\/portal\/wp-json\/wp\/v2\/comments?post=29172"}],"version-history":[{"count":1,"href":"https:\/\/ugelchucuito.edu.pe\/portal\/wp-json\/wp\/v2\/posts\/29172\/revisions"}],"predecessor-version":[{"id":29176,"href":"https:\/\/ugelchucuito.edu.pe\/portal\/wp-json\/wp\/v2\/posts\/29172\/revisions\/29176"}],"wp:attachment":[{"href":"https:\/\/ugelchucuito.edu.pe\/portal\/wp-json\/wp\/v2\/media?parent=29172"}],"wp:term":[{"taxonomy":"category","embeddable":true,"href":"https:\/\/ugelchucuito.edu.pe\/portal\/wp-json\/wp\/v2\/categories?post=29172"},{"taxonomy":"post_tag","embeddable":true,"href":"https:\/\/ugelchucuito.edu.pe\/portal\/wp-json\/wp\/v2\/tags?post=29172"}],"curies":[{"name":"wp","href":"https:\/\/api.w.org\/{rel}","templated":true}]}}