{"id":29239,"date":"2025-09-03T15:46:05","date_gmt":"2025-09-03T20:46:05","guid":{"rendered":"https:\/\/ugelchucuito.edu.pe\/portal\/?p=29239"},"modified":"2025-09-03T15:46:07","modified_gmt":"2025-09-03T20:46:07","slug":"29239-2","status":"publish","type":"post","link":"https:\/\/ugelchucuito.edu.pe\/portal\/2025\/09\/03\/29239-2\/","title":{"rendered":""},"content":{"rendered":"\n<p>UGEL CHUCUITO- JULI PARTICIPA EN FERIA DE ORIENTACION VOCACIONAL PARA ESTUDIANTES DE SECUNDARIA<\/p>\n\n\n\n<p>La UGEL Chucuito\u2013Juli, a trav\u00e9s del \u00e1rea de Convivencia Escolar, <a><\/a>particip\u00f3 activamente en la Feria Educativa de Orientaci\u00f3n Vocacional dirigida a estudiantes de tercero, cuarto y quinto grado de secundaria del distrito de Juli.<\/p>\n\n\n\n<p>Durante la jornada, los estudiantes tuvieron la oportunidad de visitar diversos stands informativos de instituciones como SENATI, UNAJ, CEM, Ministerio de Trabajo y Promoci\u00f3n del Empleo, Beca 18, CETPRO Crear, UGEL, entre otros, donde recibieron orientaci\u00f3n sobre las m\u00faltiples opciones de formaci\u00f3n profesional y t\u00e9cnica disponibles en la regi\u00f3n.<\/p>\n\n\n\n<p>El jefe de la Unidad Territorial del MIDIS, Yuri Samuel Quispe Huarahuara, resalt\u00f3 el objetivo del evento, se\u00f1alando que se busca promover la continuidad educativa en los j\u00f3venes pr\u00f3ximos a culminar la secundaria, motiv\u00e1ndolos a conocer y aprovechar las ofertas educativas en su entorno.<\/p>\n\n\n\n<p>Por su parte, la licenciada Celina Rodr\u00edguez Rodr\u00edguez, encargada de inaugurar oficialmente la feria, subray\u00f3 la importancia de estas acciones que contribuyen a que los estudiantes tengan una visi\u00f3n m\u00e1s clara al momento de elegir su futuro profesional.<\/p>\n\n\n\n<p>Con este tipo de espacios, la UGEL Chucuito\u2013Juli reafirma su compromiso de acompa\u00f1ar a los j\u00f3venes en la construcci\u00f3n de su proyecto de vida, brindando herramientas que fortalezcan su desarrollo personal y acad\u00e9mico.<\/p>\n","protected":false},"excerpt":{"rendered":"<p>UGEL CHUCUITO- JULI PARTICIPA EN FERIA DE ORIENTACION VOCACIONAL PARA ESTUDIANTES DE SECUNDARIA La UGEL Chucuito\u2013Juli, a trav\u00e9s del \u00e1rea de Convivencia Escolar, particip\u00f3 activamente en la Feria Educativa de Orientaci\u00f3n Vocacional dirigida a estudiantes de tercero, cuarto y quinto grado de secundaria del distrito de Juli. Durante la jornada, los estudiantes tuvieron la oportunidad [&hellip;]<\/p>\n","protected":false},"author":212,"featured_media":0,"comment_status":"closed","ping_status":"closed","sticky":false,"template":"","format":"standard","meta":{"footnotes":""},"categories":[],"tags":[],"class_list":["post-29239","post","type-post","status-publish","format-standard","hentry"],"_links":{"self":[{"href":"https:\/\/ugelchucuito.edu.pe\/portal\/wp-json\/wp\/v2\/posts\/29239","targetHints":{"allow":["GET"]}}],"collection":[{"href":"https:\/\/ugelchucuito.edu.pe\/portal\/wp-json\/wp\/v2\/posts"}],"about":[{"href":"https:\/\/ugelchucuito.edu.pe\/portal\/wp-json\/wp\/v2\/types\/post"}],"author":[{"embeddable":true,"href":"https:\/\/ugelchucuito.edu.pe\/portal\/wp-json\/wp\/v2\/users\/212"}],"replies":[{"embeddable":true,"href":"https:\/\/ugelchucuito.edu.pe\/portal\/wp-json\/wp\/v2\/comments?post=29239"}],"version-history":[{"count":1,"href":"https:\/\/ugelchucuito.edu.pe\/portal\/wp-json\/wp\/v2\/posts\/29239\/revisions"}],"predecessor-version":[{"id":29241,"href":"https:\/\/ugelchucuito.edu.pe\/portal\/wp-json\/wp\/v2\/posts\/29239\/revisions\/29241"}],"wp:attachment":[{"href":"https:\/\/ugelchucuito.edu.pe\/portal\/wp-json\/wp\/v2\/media?parent=29239"}],"wp:term":[{"taxonomy":"category","embeddable":true,"href":"https:\/\/ugelchucuito.edu.pe\/portal\/wp-json\/wp\/v2\/categories?post=29239"},{"taxonomy":"post_tag","embeddable":true,"href":"https:\/\/ugelchucuito.edu.pe\/portal\/wp-json\/wp\/v2\/tags?post=29239"}],"curies":[{"name":"wp","href":"https:\/\/api.w.org\/{rel}","templated":true}]}}