{"id":2944,"date":"2018-06-19T14:11:51","date_gmt":"2018-06-19T19:11:51","guid":{"rendered":"http:\/\/ugelchucuito.edu.pe\/portal\/?p=2944"},"modified":"2018-06-19T16:27:40","modified_gmt":"2018-06-19T21:27:40","slug":"registro-de-necesidades-educativas-especiales-r-nee","status":"publish","type":"post","link":"https:\/\/ugelchucuito.edu.pe\/portal\/2018\/06\/19\/registro-de-necesidades-educativas-especiales-r-nee\/","title":{"rendered":"REGISTRO DE NECESIDADES EDUCATIVAS ESPECIALES (R-NEE)"},"content":{"rendered":"<div class=\"wpb_text_column wpb_content_element vc_custom_1508190525568 justify\">\n<div class=\"wpb_wrapper\">\n<h1 style=\"text-align: center;\"><span style=\"color: #ff0000;\"><a href=\"http:\/\/umc.minedu.gob.pe\/nee\/\" target=\"_blank\" rel=\"noopener\">http:\/\/umc.minedu.gob.pe\/nee\/<\/a><\/span><\/h1>\n<p><span style=\"color: #ffffff;\">.<\/span><\/p>\n<p>Las Necesidades Educativas Especiales asociadas a discapacidad (en adelante, NEE asociadas a discapacidad) son aquellas dificultades generadas por la propia condici\u00f3n de discapacidad del estudiante que, en comparaci\u00f3n con los dem\u00e1s estudiantes de la misma edad, tiene para acceder a los aprendizajes propuestos por el\u00a0Dise\u00f1o Curricular Nacional \u2013 DCN.<\/p>\n<p>&nbsp;<\/p>\n<p>Esta denominaci\u00f3n busca promover un enfoque en el que se acent\u00faen sus necesidades pedag\u00f3gicas y los recursos que se han de proporcionar, en lugar de realizar categor\u00edas diagn\u00f3sticas por el tipo de discapacidad que presentan, si bien no se deben obviar estos aspectos en la evaluaci\u00f3n e intervenci\u00f3n de necesidades individuales.<\/p>\n<\/div>\n<\/div>\n<div class=\"wpb_text_column wpb_content_element \"><\/div>\n<div class=\"wpb_text_column wpb_content_element \">\n<div class=\"wpb_wrapper\">\n<p><span style=\"color: #ff0000;\"><strong>Plazo de registro<\/strong><\/span><\/p>\n<p>El\u00a0R-NEE se encuentra habilitado desde el 23 de abril hasta el 29 de junio de 2018.<\/p>\n<\/div>\n<\/div>\n<div class=\"vc_empty_space esp\"><\/div>\n<div class=\"wpb_text_column wpb_content_element \">\n<div class=\"wpb_wrapper\">\n<p><span style=\"color: #ff0000;\"><strong>Gu\u00eda para el registro 2018<\/strong><\/span><\/p>\n<p><a href=\"http:\/\/umc.minedu.gob.pe\/wp-content\/uploads\/2017\/04\/Gu%C3%ADa-NEE-2018.pdf\">Gu\u00eda para asegurar la inclusi\u00f3n en las evaluaciones estandarizadas<\/a><\/p>\n<\/div>\n<\/div>\n<div class=\"vc_empty_space esp\"><\/div>\n<div class=\"wpb_text_column wpb_content_element \">\n<div class=\"wpb_wrapper\">\n<p><span style=\"color: #ff0000;\"><strong>Fichas para el registro<\/strong><\/span><\/p>\n<p><a href=\"http:\/\/umc.minedu.gob.pe\/wp-content\/uploads\/2017\/04\/Fichas-de-registro-NEE-2018.pdf\">Fichas de registro R-NEE<\/a><\/p>\n<\/div>\n<\/div>\n<div class=\"vc_empty_space esp\"><\/div>\n<div>\n<p><span style=\"color: #ff0000;\"><strong>LINK DE ACCESO:<\/strong><\/span><\/p>\n<p><img loading=\"lazy\" decoding=\"async\" class=\"wp-image-2945 size-full aligncenter\" src=\"http:\/\/ugelchucuito.edu.pe\/portal\/wp-content\/uploads\/2018\/06\/tomar-en-cuenta-r-nee.jpg\" alt=\"\" width=\"527\" height=\"275\" \/><\/p>\n<p><a href=\"https:\/\/rnee.sistemasumc.com\/\" target=\"_blank\" rel=\"noopener\"><img loading=\"lazy\" decoding=\"async\" class=\"wp-image-2946 size-full aligncenter\" src=\"http:\/\/ugelchucuito.edu.pe\/portal\/wp-content\/uploads\/2018\/06\/acceso-r-nee.jpg\" alt=\"\" width=\"297\" height=\"472\" \/><\/a><\/p>\n<\/div>\n<div><\/div>\n<div><\/div>\n<div class=\"wpb_text_column wpb_content_element \">\n<div class=\"wpb_wrapper\">\n<p><span style=\"color: #ff0000;\"><strong>Video del R-NEE<\/strong><\/span><\/p>\n<\/div>\n<\/div>\n<div class=\"vc_empty_space esp\"><\/div>\n<div class=\"wpb_text_column wpb_content_element \">\n<div class=\"wpb_wrapper\">\n<p><iframe loading=\"lazy\" src=\"https:\/\/www.youtube.com\/embed\/fYdfApSH_tk\" width=\"560\" height=\"315\" frameborder=\"0\" allowfullscreen=\"allowfullscreen\" data-mce-fragment=\"1\"><\/iframe><\/p>\n<p>&nbsp;<\/p>\n<\/div>\n<\/div>\n","protected":false},"excerpt":{"rendered":"<p>http:\/\/umc.minedu.gob.pe\/nee\/ . Las Necesidades Educativas Especiales asociadas a discapacidad (en adelante, NEE asociadas a discapacidad) son aquellas dificultades generadas por la propia condici\u00f3n de discapacidad del estudiante que, en comparaci\u00f3n con los dem\u00e1s estudiantes de la misma edad, tiene para acceder a los aprendizajes propuestos por el\u00a0Dise\u00f1o Curricular Nacional \u2013 DCN. &nbsp; Esta denominaci\u00f3n busca [&hellip;]<\/p>\n","protected":false},"author":1,"featured_media":0,"comment_status":"open","ping_status":"open","sticky":false,"template":"","format":"standard","meta":{"footnotes":""},"categories":[],"tags":[],"class_list":["post-2944","post","type-post","status-publish","format-standard","hentry"],"_links":{"self":[{"href":"https:\/\/ugelchucuito.edu.pe\/portal\/wp-json\/wp\/v2\/posts\/2944","targetHints":{"allow":["GET"]}}],"collection":[{"href":"https:\/\/ugelchucuito.edu.pe\/portal\/wp-json\/wp\/v2\/posts"}],"about":[{"href":"https:\/\/ugelchucuito.edu.pe\/portal\/wp-json\/wp\/v2\/types\/post"}],"author":[{"embeddable":true,"href":"https:\/\/ugelchucuito.edu.pe\/portal\/wp-json\/wp\/v2\/users\/1"}],"replies":[{"embeddable":true,"href":"https:\/\/ugelchucuito.edu.pe\/portal\/wp-json\/wp\/v2\/comments?post=2944"}],"version-history":[{"count":3,"href":"https:\/\/ugelchucuito.edu.pe\/portal\/wp-json\/wp\/v2\/posts\/2944\/revisions"}],"predecessor-version":[{"id":2950,"href":"https:\/\/ugelchucuito.edu.pe\/portal\/wp-json\/wp\/v2\/posts\/2944\/revisions\/2950"}],"wp:attachment":[{"href":"https:\/\/ugelchucuito.edu.pe\/portal\/wp-json\/wp\/v2\/media?parent=2944"}],"wp:term":[{"taxonomy":"category","embeddable":true,"href":"https:\/\/ugelchucuito.edu.pe\/portal\/wp-json\/wp\/v2\/categories?post=2944"},{"taxonomy":"post_tag","embeddable":true,"href":"https:\/\/ugelchucuito.edu.pe\/portal\/wp-json\/wp\/v2\/tags?post=2944"}],"curies":[{"name":"wp","href":"https:\/\/api.w.org\/{rel}","templated":true}]}}