{"id":29574,"date":"2025-10-16T17:02:41","date_gmt":"2025-10-16T22:02:41","guid":{"rendered":"https:\/\/ugelchucuito.edu.pe\/portal\/?p=29574"},"modified":"2025-10-16T17:15:54","modified_gmt":"2025-10-16T22:15:54","slug":"foro-panel-pedagogico-retos-y-desafios-para-la-mejora-de-logros-de-aprendizaje-en-el-marco-del-proyecto-educativo-local-ugel-chucuito","status":"publish","type":"post","link":"https:\/\/ugelchucuito.edu.pe\/portal\/2025\/10\/16\/foro-panel-pedagogico-retos-y-desafios-para-la-mejora-de-logros-de-aprendizaje-en-el-marco-del-proyecto-educativo-local-ugel-chucuito\/","title":{"rendered":"FORO PANEL PEDAG\u00d3GICO \u201cRETOS Y DESAF\u00cdOS PARA LA MEJORA DE LOGROS DE APRENDIZAJE EN EL MARCO DEL PROYECTO EDUCATIVO LOCAL \u2013 UGEL CHUCUITO\u201d"},"content":{"rendered":"\n<p>La UGEL Chucuito desarrollar\u00e1 el <strong>I Foro Panel denominado \u201cRETOS Y DESAF\u00cdOS PARA LA MEJORA DE LOGROS DE APRENDIZAJE EN EL MARCO DEL PROYECTO EDUCATIVO LOCAL \u2013 UGEL CHUCUITO\u201d<\/strong>, evento acad\u00e9mico que tiene como finalidad promover el an\u00e1lisis, la reflexi\u00f3n y el intercambio de experiencias sobre las estrategias y acciones orientadas a la mejora de los aprendizajes en nuestra jurisdicci\u00f3n educativa.<\/p>\n\n\n\n<p>El evento se desarrollar\u00e1 el <strong>d\u00eda lunes 20 de octubre de 2025<\/strong>, a partir de las <strong>9:00 a.m.<\/strong>, en el <strong>teatro de la Municipalidad Provincial de Chucuito \u2013 Juli<\/strong>.<\/p>\n\n\n\n<p>En tal sentido se invita a los directivos <strong>SEG\u00daN LISTA ADJUNTA<\/strong> por cuanto su participaci\u00f3n contribuir\u00e1 significativamente al fortalecimiento de la gesti\u00f3n educativa local y al cumplimiento de los objetivos del <strong>Proyecto Educativo Local de la UGEL Chucuito<\/strong>.<\/p>\n\n\n\n<p><strong>NOTA.-<\/strong> En caso el directivo no pueda asistir, favor de <strong>DELEGAR<\/strong> a un docente de su IE en su representaci\u00f3n.<\/p>\n\n\n\n<div data-wp-interactive=\"core\/file\" class=\"wp-block-file\"><object data-wp-bind--hidden=\"!state.hasPdfPreview\" hidden class=\"wp-block-file__embed\" data=\"https:\/\/ugelchucuito.edu.pe\/portal\/wp-content\/uploads\/2025\/10\/LISTA-DE-PARTICIPANTES.pdf\" type=\"application\/pdf\" style=\"width:100%;height:600px\" aria-label=\"Incrustado de LISTA DE PARTICIPANTES.\"><\/object><a id=\"wp-block-file--media-a8a182ec-afae-4cb3-bed5-e4411184b086\" href=\"https:\/\/ugelchucuito.edu.pe\/portal\/wp-content\/uploads\/2025\/10\/LISTA-DE-PARTICIPANTES.pdf\">LISTA DE PARTICIPANTES<\/a><a href=\"https:\/\/ugelchucuito.edu.pe\/portal\/wp-content\/uploads\/2025\/10\/LISTA-DE-PARTICIPANTES.pdf\" class=\"wp-block-file__button wp-element-button\" download aria-describedby=\"wp-block-file--media-a8a182ec-afae-4cb3-bed5-e4411184b086\">Descarga<\/a><\/div>\n\n\n\n<div data-wp-interactive=\"core\/file\" class=\"wp-block-file\"><object data-wp-bind--hidden=\"!state.hasPdfPreview\" hidden class=\"wp-block-file__embed\" data=\"https:\/\/ugelchucuito.edu.pe\/portal\/wp-content\/uploads\/2025\/10\/OFICIO-MULTIPLE-N\u00b0-213-2025-GR-PUNO-GDRS-DREP-UGEL-CH-J-AGP.pdf\" type=\"application\/pdf\" style=\"width:100%;height:600px\" aria-label=\"Incrustado de OFICIO M\u00daLTIPLE N\u00b0 213-2025-GR-PUNO-GDRS-DREP-UGEL-CH J-AGP.\"><\/object><a id=\"wp-block-file--media-0b727d30-43d2-4a39-8c9e-5834155dbd49\" href=\"https:\/\/ugelchucuito.edu.pe\/portal\/wp-content\/uploads\/2025\/10\/OFICIO-MULTIPLE-N\u00b0-213-2025-GR-PUNO-GDRS-DREP-UGEL-CH-J-AGP.pdf\">OFICIO M\u00daLTIPLE N\u00b0 213-2025-GR-PUNO-GDRS-DREP-UGEL-CH J-AGP<\/a><a href=\"https:\/\/ugelchucuito.edu.pe\/portal\/wp-content\/uploads\/2025\/10\/OFICIO-MULTIPLE-N\u00b0-213-2025-GR-PUNO-GDRS-DREP-UGEL-CH-J-AGP.pdf\" class=\"wp-block-file__button wp-element-button\" download aria-describedby=\"wp-block-file--media-0b727d30-43d2-4a39-8c9e-5834155dbd49\">Descarga<\/a><\/div>\n","protected":false},"excerpt":{"rendered":"<p>La UGEL Chucuito desarrollar\u00e1 el I Foro Panel denominado \u201cRETOS Y DESAF\u00cdOS PARA LA MEJORA DE LOGROS DE APRENDIZAJE EN EL MARCO DEL PROYECTO EDUCATIVO LOCAL \u2013 UGEL CHUCUITO\u201d, evento acad\u00e9mico que tiene como finalidad promover el an\u00e1lisis, la reflexi\u00f3n y el intercambio de experiencias sobre las estrategias y acciones orientadas a la mejora de [&hellip;]<\/p>\n","protected":false},"author":2,"featured_media":0,"comment_status":"closed","ping_status":"closed","sticky":false,"template":"","format":"standard","meta":{"footnotes":""},"categories":[],"tags":[],"class_list":["post-29574","post","type-post","status-publish","format-standard","hentry"],"_links":{"self":[{"href":"https:\/\/ugelchucuito.edu.pe\/portal\/wp-json\/wp\/v2\/posts\/29574","targetHints":{"allow":["GET"]}}],"collection":[{"href":"https:\/\/ugelchucuito.edu.pe\/portal\/wp-json\/wp\/v2\/posts"}],"about":[{"href":"https:\/\/ugelchucuito.edu.pe\/portal\/wp-json\/wp\/v2\/types\/post"}],"author":[{"embeddable":true,"href":"https:\/\/ugelchucuito.edu.pe\/portal\/wp-json\/wp\/v2\/users\/2"}],"replies":[{"embeddable":true,"href":"https:\/\/ugelchucuito.edu.pe\/portal\/wp-json\/wp\/v2\/comments?post=29574"}],"version-history":[{"count":3,"href":"https:\/\/ugelchucuito.edu.pe\/portal\/wp-json\/wp\/v2\/posts\/29574\/revisions"}],"predecessor-version":[{"id":29581,"href":"https:\/\/ugelchucuito.edu.pe\/portal\/wp-json\/wp\/v2\/posts\/29574\/revisions\/29581"}],"wp:attachment":[{"href":"https:\/\/ugelchucuito.edu.pe\/portal\/wp-json\/wp\/v2\/media?parent=29574"}],"wp:term":[{"taxonomy":"category","embeddable":true,"href":"https:\/\/ugelchucuito.edu.pe\/portal\/wp-json\/wp\/v2\/categories?post=29574"},{"taxonomy":"post_tag","embeddable":true,"href":"https:\/\/ugelchucuito.edu.pe\/portal\/wp-json\/wp\/v2\/tags?post=29574"}],"curies":[{"name":"wp","href":"https:\/\/api.w.org\/{rel}","templated":true}]}}