{"id":2975,"date":"2018-06-15T12:31:46","date_gmt":"2018-06-15T17:31:46","guid":{"rendered":"http:\/\/ugelchucuito.edu.pe\/portal\/?p=2975"},"modified":"2018-06-15T12:31:46","modified_gmt":"2018-06-15T17:31:46","slug":"sustentacion-de-ii-ee-omisos-y-observados-a-comision-de-racionalizacion-ugel-chucuito","status":"publish","type":"post","link":"https:\/\/ugelchucuito.edu.pe\/portal\/2018\/06\/15\/sustentacion-de-ii-ee-omisos-y-observados-a-comision-de-racionalizacion-ugel-chucuito\/","title":{"rendered":"SUSTENTACI\u00d3N DE II.EE. OMISOS Y OBSERVADOS A COMISI\u00d3N DE RACIONALIZACI\u00d3N UGEL CHUCUITO"},"content":{"rendered":"<p>Con car\u00e1cter urgente se comunica a los se\u00f1ores Directores Omisos y Observados de las II.EE. Nivel Primaria, que deber\u00e1n aproximarse a la Sede Institucional de la UGEL Chucuito Juli, con el objeto de sustentar y aprobar el proceso de Racionalizaci\u00f3n en SIRA WEB 2018, <strong><span style=\"color: #ff0000\">VER COMUNICADO VI y CRONOGRAMA<\/span> <\/strong>adjunto.<\/p>\n<p><a href=\"http:\/\/ugelchucuito.edu.pe\/portal\/wp-content\/uploads\/2018\/06\/Comunicado-VI-Racionalizaci\u00f3n.pdf\" target=\"_blank\" rel=\"noopener\">Comunicado VI Racionalizaci\u00f3n<\/a><\/p>\n","protected":false},"excerpt":{"rendered":"<p>Con car\u00e1cter urgente se comunica a los se\u00f1ores Directores Omisos y Observados de las II.EE. Nivel Primaria, que deber\u00e1n aproximarse a la Sede Institucional de la UGEL Chucuito Juli, con el objeto de sustentar y aprobar el proceso de Racionalizaci\u00f3n en SIRA WEB 2018, VER COMUNICADO VI y CRONOGRAMA adjunto. Comunicado VI Racionalizaci\u00f3n<\/p>\n","protected":false},"author":11,"featured_media":0,"comment_status":"open","ping_status":"open","sticky":false,"template":"","format":"standard","meta":{"footnotes":""},"categories":[],"tags":[],"class_list":["post-2975","post","type-post","status-publish","format-standard","hentry"],"_links":{"self":[{"href":"https:\/\/ugelchucuito.edu.pe\/portal\/wp-json\/wp\/v2\/posts\/2975","targetHints":{"allow":["GET"]}}],"collection":[{"href":"https:\/\/ugelchucuito.edu.pe\/portal\/wp-json\/wp\/v2\/posts"}],"about":[{"href":"https:\/\/ugelchucuito.edu.pe\/portal\/wp-json\/wp\/v2\/types\/post"}],"author":[{"embeddable":true,"href":"https:\/\/ugelchucuito.edu.pe\/portal\/wp-json\/wp\/v2\/users\/11"}],"replies":[{"embeddable":true,"href":"https:\/\/ugelchucuito.edu.pe\/portal\/wp-json\/wp\/v2\/comments?post=2975"}],"version-history":[{"count":1,"href":"https:\/\/ugelchucuito.edu.pe\/portal\/wp-json\/wp\/v2\/posts\/2975\/revisions"}],"predecessor-version":[{"id":2977,"href":"https:\/\/ugelchucuito.edu.pe\/portal\/wp-json\/wp\/v2\/posts\/2975\/revisions\/2977"}],"wp:attachment":[{"href":"https:\/\/ugelchucuito.edu.pe\/portal\/wp-json\/wp\/v2\/media?parent=2975"}],"wp:term":[{"taxonomy":"category","embeddable":true,"href":"https:\/\/ugelchucuito.edu.pe\/portal\/wp-json\/wp\/v2\/categories?post=2975"},{"taxonomy":"post_tag","embeddable":true,"href":"https:\/\/ugelchucuito.edu.pe\/portal\/wp-json\/wp\/v2\/tags?post=2975"}],"curies":[{"name":"wp","href":"https:\/\/api.w.org\/{rel}","templated":true}]}}