{"id":3080,"date":"2018-06-26T01:11:04","date_gmt":"2018-06-26T06:11:04","guid":{"rendered":"http:\/\/ugelchucuito.edu.pe\/portal\/?p=3080"},"modified":"2018-06-26T01:14:45","modified_gmt":"2018-06-26T06:14:45","slug":"censo-educativo-2018-pre-omisos-de-la-cedula-a-inicial-pronoei-primaria-secundaria-ceba-y-cetpro","status":"publish","type":"post","link":"https:\/\/ugelchucuito.edu.pe\/portal\/2018\/06\/26\/censo-educativo-2018-pre-omisos-de-la-cedula-a-inicial-pronoei-primaria-secundaria-ceba-y-cetpro\/","title":{"rendered":"CENSO EDUCATIVO 2018 &#8211; PRE OMISOS DE LA C\u00c9DULA \u00abA\u00bb: INICIAL, PRONOEI, PRIMARIA, SECUNDARIA, CEBA Y CETPRO"},"content":{"rendered":"<p><span style=\"color: #0000ff\">Se exhorta a los Directores de las II.EE. y Docentes Coordinadoras omisos al Censo Educativo 2018, que deber\u00e1n levantar su condici\u00f3n de pre omisos hasta el 30 de Junio 2018, bajo responsabilidad funcional.<\/span><strong><span style=\"color: #0000ff\"> VER LISTA PRE OMISOS:<\/span><\/strong><\/p>\n<p><a href=\"http:\/\/ugelchucuito.edu.pe\/portal\/wp-content\/uploads\/2018\/06\/PRE-OMISOS-CEDULA-A.xls\" target=\"_blank\" rel=\"noopener\">PRE OMISOS C\u00c9DULA \u00abA\u00bb<\/a><\/p>\n","protected":false},"excerpt":{"rendered":"<p>Se exhorta a los Directores de las II.EE. y Docentes Coordinadoras omisos al Censo Educativo 2018, que deber\u00e1n levantar su condici\u00f3n de pre omisos hasta el 30 de Junio 2018, bajo responsabilidad funcional. VER LISTA PRE OMISOS: PRE OMISOS C\u00c9DULA \u00abA\u00bb<\/p>\n","protected":false},"author":11,"featured_media":0,"comment_status":"open","ping_status":"open","sticky":false,"template":"","format":"standard","meta":{"footnotes":""},"categories":[],"tags":[],"class_list":["post-3080","post","type-post","status-publish","format-standard","hentry"],"_links":{"self":[{"href":"https:\/\/ugelchucuito.edu.pe\/portal\/wp-json\/wp\/v2\/posts\/3080","targetHints":{"allow":["GET"]}}],"collection":[{"href":"https:\/\/ugelchucuito.edu.pe\/portal\/wp-json\/wp\/v2\/posts"}],"about":[{"href":"https:\/\/ugelchucuito.edu.pe\/portal\/wp-json\/wp\/v2\/types\/post"}],"author":[{"embeddable":true,"href":"https:\/\/ugelchucuito.edu.pe\/portal\/wp-json\/wp\/v2\/users\/11"}],"replies":[{"embeddable":true,"href":"https:\/\/ugelchucuito.edu.pe\/portal\/wp-json\/wp\/v2\/comments?post=3080"}],"version-history":[{"count":2,"href":"https:\/\/ugelchucuito.edu.pe\/portal\/wp-json\/wp\/v2\/posts\/3080\/revisions"}],"predecessor-version":[{"id":3083,"href":"https:\/\/ugelchucuito.edu.pe\/portal\/wp-json\/wp\/v2\/posts\/3080\/revisions\/3083"}],"wp:attachment":[{"href":"https:\/\/ugelchucuito.edu.pe\/portal\/wp-json\/wp\/v2\/media?parent=3080"}],"wp:term":[{"taxonomy":"category","embeddable":true,"href":"https:\/\/ugelchucuito.edu.pe\/portal\/wp-json\/wp\/v2\/categories?post=3080"},{"taxonomy":"post_tag","embeddable":true,"href":"https:\/\/ugelchucuito.edu.pe\/portal\/wp-json\/wp\/v2\/tags?post=3080"}],"curies":[{"name":"wp","href":"https:\/\/api.w.org\/{rel}","templated":true}]}}