{"id":3084,"date":"2018-06-27T01:03:41","date_gmt":"2018-06-27T06:03:41","guid":{"rendered":"http:\/\/ugelchucuito.edu.pe\/portal\/?p=3084"},"modified":"2018-06-27T01:03:41","modified_gmt":"2018-06-27T06:03:41","slug":"censo-educativo-2018-cedula-11-de-ii-ee-omisas-inicial-primaria-secundaria-ceba-y-cetpro","status":"publish","type":"post","link":"https:\/\/ugelchucuito.edu.pe\/portal\/2018\/06\/27\/censo-educativo-2018-cedula-11-de-ii-ee-omisas-inicial-primaria-secundaria-ceba-y-cetpro\/","title":{"rendered":"CENSO EDUCATIVO 2018 C\u00c9DULA \u00ab11\u00bb, DE II.EE. OMISAS INICIAL, PRIMARIA, SECUNDARIA, CEBA Y CETPRO"},"content":{"rendered":"<p><span style=\"color: #0000ff\">Se comunica a los se\u00f1ores Directores(as) de las II.EE. Omisas al Censo Educativo C\u00e9dula \u00ab11\u00bb de Educaci\u00f3n Inicial, Primaria, Secundaria, CEBA y CETPRO que deber\u00e1n enviar su informaci\u00f3n en el Aplicativo ESCALE hasta el 30 de Junio del 2018. <strong>VER OMISOS POR DISTRITOS:<\/strong><\/span><\/p>\n<p><a href=\"http:\/\/ugelchucuito.edu.pe\/portal\/wp-content\/uploads\/2018\/06\/PRE-OMISOS-CEDULA-11.xlsx\" target=\"_blank\" rel=\"noopener\">PRE OMISOS C\u00c9DULA \u00ab11\u00bb<\/a><\/p>\n","protected":false},"excerpt":{"rendered":"<p>Se comunica a los se\u00f1ores Directores(as) de las II.EE. Omisas al Censo Educativo C\u00e9dula \u00ab11\u00bb de Educaci\u00f3n Inicial, Primaria, Secundaria, CEBA y CETPRO que deber\u00e1n enviar su informaci\u00f3n en el Aplicativo ESCALE hasta el 30 de Junio del 2018. VER OMISOS POR DISTRITOS: PRE OMISOS C\u00c9DULA \u00ab11\u00bb<\/p>\n","protected":false},"author":11,"featured_media":0,"comment_status":"open","ping_status":"open","sticky":false,"template":"","format":"standard","meta":{"footnotes":""},"categories":[],"tags":[],"class_list":["post-3084","post","type-post","status-publish","format-standard","hentry"],"_links":{"self":[{"href":"https:\/\/ugelchucuito.edu.pe\/portal\/wp-json\/wp\/v2\/posts\/3084","targetHints":{"allow":["GET"]}}],"collection":[{"href":"https:\/\/ugelchucuito.edu.pe\/portal\/wp-json\/wp\/v2\/posts"}],"about":[{"href":"https:\/\/ugelchucuito.edu.pe\/portal\/wp-json\/wp\/v2\/types\/post"}],"author":[{"embeddable":true,"href":"https:\/\/ugelchucuito.edu.pe\/portal\/wp-json\/wp\/v2\/users\/11"}],"replies":[{"embeddable":true,"href":"https:\/\/ugelchucuito.edu.pe\/portal\/wp-json\/wp\/v2\/comments?post=3084"}],"version-history":[{"count":1,"href":"https:\/\/ugelchucuito.edu.pe\/portal\/wp-json\/wp\/v2\/posts\/3084\/revisions"}],"predecessor-version":[{"id":3086,"href":"https:\/\/ugelchucuito.edu.pe\/portal\/wp-json\/wp\/v2\/posts\/3084\/revisions\/3086"}],"wp:attachment":[{"href":"https:\/\/ugelchucuito.edu.pe\/portal\/wp-json\/wp\/v2\/media?parent=3084"}],"wp:term":[{"taxonomy":"category","embeddable":true,"href":"https:\/\/ugelchucuito.edu.pe\/portal\/wp-json\/wp\/v2\/categories?post=3084"},{"taxonomy":"post_tag","embeddable":true,"href":"https:\/\/ugelchucuito.edu.pe\/portal\/wp-json\/wp\/v2\/tags?post=3084"}],"curies":[{"name":"wp","href":"https:\/\/api.w.org\/{rel}","templated":true}]}}