{"id":3095,"date":"2018-06-27T23:59:53","date_gmt":"2018-06-28T04:59:53","guid":{"rendered":"http:\/\/ugelchucuito.edu.pe\/portal\/?p=3095"},"modified":"2018-06-27T23:59:53","modified_gmt":"2018-06-28T04:59:53","slug":"cronograma-del-acto-publico-de-adjudicacion-de-docentes-excedentes-en-proceso-de-racionalizacion-2018","status":"publish","type":"post","link":"https:\/\/ugelchucuito.edu.pe\/portal\/2018\/06\/27\/cronograma-del-acto-publico-de-adjudicacion-de-docentes-excedentes-en-proceso-de-racionalizacion-2018\/","title":{"rendered":"CRONOGRAMA DEL ACTO P\u00daBLICO DE ADJUDICACI\u00d3N DE DOCENTES EXCEDENTES EN PROCESO DE RACIONALIZACI\u00d3N 2018"},"content":{"rendered":"<p><span style=\"color: #993300\">El Acto P\u00fablico de Adjudicaci\u00f3n de plazas de los Docentes Excedentes de las Instituciones Educativas de EBR del nivel Inicial, Primaria y Secundaria, CEBA y CETPRO del \u00e1mbito de la UGEL Chucuito<strong>,<\/strong> que el Proceso de Racionalizaci\u00f3n 2018 del Personal Docente culminar\u00e1 con el siguiente cronograma. <strong>VER COMUNICADO IX.<\/strong><\/span><\/p>\n<p><a href=\"http:\/\/ugelchucuito.edu.pe\/portal\/wp-content\/uploads\/2018\/06\/Comunicado-IX-Racionalizaci\u00f3n.pdf\" target=\"_blank\" rel=\"noopener\">Comunicado IX: Cronograma de Acto P\u00fablico<\/a><\/p>\n","protected":false},"excerpt":{"rendered":"<p>El Acto P\u00fablico de Adjudicaci\u00f3n de plazas de los Docentes Excedentes de las Instituciones Educativas de EBR del nivel Inicial, Primaria y Secundaria, CEBA y CETPRO del \u00e1mbito de la UGEL Chucuito, que el Proceso de Racionalizaci\u00f3n 2018 del Personal Docente culminar\u00e1 con el siguiente cronograma. VER COMUNICADO IX. Comunicado IX: Cronograma de Acto P\u00fablico<\/p>\n","protected":false},"author":11,"featured_media":0,"comment_status":"open","ping_status":"open","sticky":false,"template":"","format":"standard","meta":{"footnotes":""},"categories":[],"tags":[],"class_list":["post-3095","post","type-post","status-publish","format-standard","hentry"],"_links":{"self":[{"href":"https:\/\/ugelchucuito.edu.pe\/portal\/wp-json\/wp\/v2\/posts\/3095","targetHints":{"allow":["GET"]}}],"collection":[{"href":"https:\/\/ugelchucuito.edu.pe\/portal\/wp-json\/wp\/v2\/posts"}],"about":[{"href":"https:\/\/ugelchucuito.edu.pe\/portal\/wp-json\/wp\/v2\/types\/post"}],"author":[{"embeddable":true,"href":"https:\/\/ugelchucuito.edu.pe\/portal\/wp-json\/wp\/v2\/users\/11"}],"replies":[{"embeddable":true,"href":"https:\/\/ugelchucuito.edu.pe\/portal\/wp-json\/wp\/v2\/comments?post=3095"}],"version-history":[{"count":1,"href":"https:\/\/ugelchucuito.edu.pe\/portal\/wp-json\/wp\/v2\/posts\/3095\/revisions"}],"predecessor-version":[{"id":3097,"href":"https:\/\/ugelchucuito.edu.pe\/portal\/wp-json\/wp\/v2\/posts\/3095\/revisions\/3097"}],"wp:attachment":[{"href":"https:\/\/ugelchucuito.edu.pe\/portal\/wp-json\/wp\/v2\/media?parent=3095"}],"wp:term":[{"taxonomy":"category","embeddable":true,"href":"https:\/\/ugelchucuito.edu.pe\/portal\/wp-json\/wp\/v2\/categories?post=3095"},{"taxonomy":"post_tag","embeddable":true,"href":"https:\/\/ugelchucuito.edu.pe\/portal\/wp-json\/wp\/v2\/tags?post=3095"}],"curies":[{"name":"wp","href":"https:\/\/api.w.org\/{rel}","templated":true}]}}