{"id":31126,"date":"2026-03-10T17:14:09","date_gmt":"2026-03-10T22:14:09","guid":{"rendered":"https:\/\/ugelchucuito.edu.pe\/portal\/?p=31126"},"modified":"2026-03-10T17:14:10","modified_gmt":"2026-03-10T22:14:10","slug":"resultados-finales-contrato-de-personal-administrativo-d-l-276-auxiliar-de-sistema-administrativo-ii-sci-sistema-de-control-interno-2026","status":"publish","type":"post","link":"https:\/\/ugelchucuito.edu.pe\/portal\/2026\/03\/10\/resultados-finales-contrato-de-personal-administrativo-d-l-276-auxiliar-de-sistema-administrativo-ii-sci-sistema-de-control-interno-2026\/","title":{"rendered":"RESULTADOS FINALES \u2013 CONTRATO DE PERSONAL ADMINISTRATIVO D.L. 276. AUXILIAR DE SISTEMA ADMINISTRATIVO II \u2013 SCI (Sistema de Control Interno) 2026"},"content":{"rendered":"\n<div data-wp-interactive=\"core\/file\" class=\"wp-block-file\"><object data-wp-bind--hidden=\"!state.hasPdfPreview\" hidden class=\"wp-block-file__embed\" data=\"https:\/\/ugelchucuito.edu.pe\/portal\/wp-content\/uploads\/2026\/03\/RESULT_FINAL_AUX_SIST_ADM_SCI_2026.pdf\" type=\"application\/pdf\" style=\"width:100%;height:600px\" aria-label=\"Incrustado de &lt;strong&gt;&lt;mark style=&quot;background-color:#ffffff&quot; class=&quot;has-inline-color has-vivid-cyan-blue-color&quot;&gt;- VER RESULTADOS FINALES&lt;\/mark&gt;&lt;\/strong&gt;.\"><\/object><a id=\"wp-block-file--media-78eaf338-3114-416a-8e38-763e674bfdfc\" href=\"https:\/\/ugelchucuito.edu.pe\/portal\/wp-content\/uploads\/2026\/03\/RESULT_FINAL_AUX_SIST_ADM_SCI_2026.pdf\" target=\"_blank\" rel=\"noreferrer noopener\"><strong><mark style=\"background-color:#ffffff\" class=\"has-inline-color has-vivid-cyan-blue-color\">&#8211; VER RESULTADOS FINALES<\/mark><\/strong><\/a><a href=\"https:\/\/ugelchucuito.edu.pe\/portal\/wp-content\/uploads\/2026\/03\/RESULT_FINAL_AUX_SIST_ADM_SCI_2026.pdf\" class=\"wp-block-file__button wp-element-button\" download aria-describedby=\"wp-block-file--media-78eaf338-3114-416a-8e38-763e674bfdfc\">Descarga<\/a><\/div>\n\n\n\n<p><strong><mark style=\"background-color:rgba(0, 0, 0, 0)\" class=\"has-inline-color has-vivid-red-color\">NOTA: LA ADJUDICACI\u00d3N SE REALIZAR\u00c1 SEG\u00daN CRONOGRAMA EL D\u00cdA MI\u00c9RCOLES 11\/03\/2026 A HORAS 09:00 A. M. EN LAS INSTALACIONES DE LA SEDE ADMINISTRATIVA DE LA UGEL CHUCUITO.<\/mark><\/strong><\/p>\n","protected":false},"excerpt":{"rendered":"<p>NOTA: LA ADJUDICACI\u00d3N SE REALIZAR\u00c1 SEG\u00daN CRONOGRAMA EL D\u00cdA MI\u00c9RCOLES 11\/03\/2026 A HORAS 09:00 A. M. EN LAS INSTALACIONES DE LA SEDE ADMINISTRATIVA DE LA UGEL CHUCUITO.<\/p>\n","protected":false},"author":1,"featured_media":31084,"comment_status":"closed","ping_status":"open","sticky":false,"template":"","format":"standard","meta":{"footnotes":""},"categories":[3],"tags":[],"class_list":["post-31126","post","type-post","status-publish","format-standard","has-post-thumbnail","hentry","category-convocatorias"],"_links":{"self":[{"href":"https:\/\/ugelchucuito.edu.pe\/portal\/wp-json\/wp\/v2\/posts\/31126","targetHints":{"allow":["GET"]}}],"collection":[{"href":"https:\/\/ugelchucuito.edu.pe\/portal\/wp-json\/wp\/v2\/posts"}],"about":[{"href":"https:\/\/ugelchucuito.edu.pe\/portal\/wp-json\/wp\/v2\/types\/post"}],"author":[{"embeddable":true,"href":"https:\/\/ugelchucuito.edu.pe\/portal\/wp-json\/wp\/v2\/users\/1"}],"replies":[{"embeddable":true,"href":"https:\/\/ugelchucuito.edu.pe\/portal\/wp-json\/wp\/v2\/comments?post=31126"}],"version-history":[{"count":1,"href":"https:\/\/ugelchucuito.edu.pe\/portal\/wp-json\/wp\/v2\/posts\/31126\/revisions"}],"predecessor-version":[{"id":31133,"href":"https:\/\/ugelchucuito.edu.pe\/portal\/wp-json\/wp\/v2\/posts\/31126\/revisions\/31133"}],"wp:featuredmedia":[{"embeddable":true,"href":"https:\/\/ugelchucuito.edu.pe\/portal\/wp-json\/wp\/v2\/media\/31084"}],"wp:attachment":[{"href":"https:\/\/ugelchucuito.edu.pe\/portal\/wp-json\/wp\/v2\/media?parent=31126"}],"wp:term":[{"taxonomy":"category","embeddable":true,"href":"https:\/\/ugelchucuito.edu.pe\/portal\/wp-json\/wp\/v2\/categories?post=31126"},{"taxonomy":"post_tag","embeddable":true,"href":"https:\/\/ugelchucuito.edu.pe\/portal\/wp-json\/wp\/v2\/tags?post=31126"}],"curies":[{"name":"wp","href":"https:\/\/api.w.org\/{rel}","templated":true}]}}