{"id":3129,"date":"2018-07-04T15:10:22","date_gmt":"2018-07-04T20:10:22","guid":{"rendered":"http:\/\/ugelchucuito.edu.pe\/portal\/?p=3129"},"modified":"2018-07-04T18:54:55","modified_gmt":"2018-07-04T23:54:55","slug":"invitacion-a-docentes-por-el-dia-del-maestro","status":"publish","type":"post","link":"https:\/\/ugelchucuito.edu.pe\/portal\/2018\/07\/04\/invitacion-a-docentes-por-el-dia-del-maestro\/","title":{"rendered":"INVITACI\u00d3N A DOCENTES POR EL D\u00cdA DEL MAESTRO"},"content":{"rendered":"<p>EL DIRECTOR, JEFES DE \u00c1REA Y CORPORATIVO DE LA UNIDAD DE GESTI\u00d3N EDUCATIVA LOCAL CHUCUITO JULI, INVITAN A LOS DOCENTES DEL \u00c1MBITO DE LA PROVINCIA DE CHUCUITO A LA CEREMONIA DE RECONOCIMIENTO POR EL D\u00cdA DEL MAESTRO, EN LA QUE SE ESTAR\u00c1 CONDECORANDO A LOS MAESTROS QUE CUMPLEN 25 Y 30 A\u00d1OS DE SERVICIO EN EL \u00c1MBITO DE NUESTRA PROVINCIA, LA MISMA QUE SE EFECTUAR\u00c1 EL D\u00cdA JUEVES 05 DE JULIO DEL PRESENTE A\u00d1O A HORAS 2.00 P.M. EN EL SAL\u00d3N CONSISTORIAL DE LA MUNICIPALIDAD PROVINCIAL CHUCUITO JULI.<\/p>\n<p>FELIZ D\u00cdA MAESTRO DE LA PROVINCIA CHUCUITO JULI.<\/p>\n<p><a href=\"http:\/\/ugelchucuito.edu.pe\/portal\/wp-content\/uploads\/2018\/07\/DOCUMENTO062-1.pdf\">VER OFICIO DE INVITACI\u00d3N<\/a><\/p>\n<p><a href=\"http:\/\/ugelchucuito.edu.pe\/portal\/wp-content\/uploads\/2018\/07\/DOCENTES-25-Y-30-A\u00d1OS-2018.xlsx\">VER RELACI\u00d3N DE DOCENTES QUE CUMPLEN 25 Y 30 A\u00d1OS &#8211; 2018<\/a><\/p>\n","protected":false},"excerpt":{"rendered":"<p>EL DIRECTOR, JEFES DE \u00c1REA Y CORPORATIVO DE LA UNIDAD DE GESTI\u00d3N EDUCATIVA LOCAL CHUCUITO JULI, INVITAN A LOS DOCENTES DEL \u00c1MBITO DE LA PROVINCIA DE CHUCUITO A LA CEREMONIA DE RECONOCIMIENTO POR EL D\u00cdA DEL MAESTRO, EN LA QUE SE ESTAR\u00c1 CONDECORANDO A LOS MAESTROS QUE CUMPLEN 25 Y 30 A\u00d1OS DE SERVICIO EN [&hellip;]<\/p>\n","protected":false},"author":1,"featured_media":0,"comment_status":"open","ping_status":"open","sticky":false,"template":"","format":"standard","meta":{"footnotes":""},"categories":[],"tags":[],"class_list":["post-3129","post","type-post","status-publish","format-standard","hentry"],"_links":{"self":[{"href":"https:\/\/ugelchucuito.edu.pe\/portal\/wp-json\/wp\/v2\/posts\/3129","targetHints":{"allow":["GET"]}}],"collection":[{"href":"https:\/\/ugelchucuito.edu.pe\/portal\/wp-json\/wp\/v2\/posts"}],"about":[{"href":"https:\/\/ugelchucuito.edu.pe\/portal\/wp-json\/wp\/v2\/types\/post"}],"author":[{"embeddable":true,"href":"https:\/\/ugelchucuito.edu.pe\/portal\/wp-json\/wp\/v2\/users\/1"}],"replies":[{"embeddable":true,"href":"https:\/\/ugelchucuito.edu.pe\/portal\/wp-json\/wp\/v2\/comments?post=3129"}],"version-history":[{"count":4,"href":"https:\/\/ugelchucuito.edu.pe\/portal\/wp-json\/wp\/v2\/posts\/3129\/revisions"}],"predecessor-version":[{"id":3143,"href":"https:\/\/ugelchucuito.edu.pe\/portal\/wp-json\/wp\/v2\/posts\/3129\/revisions\/3143"}],"wp:attachment":[{"href":"https:\/\/ugelchucuito.edu.pe\/portal\/wp-json\/wp\/v2\/media?parent=3129"}],"wp:term":[{"taxonomy":"category","embeddable":true,"href":"https:\/\/ugelchucuito.edu.pe\/portal\/wp-json\/wp\/v2\/categories?post=3129"},{"taxonomy":"post_tag","embeddable":true,"href":"https:\/\/ugelchucuito.edu.pe\/portal\/wp-json\/wp\/v2\/tags?post=3129"}],"curies":[{"name":"wp","href":"https:\/\/api.w.org\/{rel}","templated":true}]}}