{"id":31606,"date":"2026-04-27T18:05:44","date_gmt":"2026-04-27T23:05:44","guid":{"rendered":"https:\/\/ugelchucuito.edu.pe\/portal\/?p=31606"},"modified":"2026-04-27T18:05:44","modified_gmt":"2026-04-27T23:05:44","slug":"recomendaciones-debido-a-la-alerta-sanitaria-por-transmision-local-de-sarampion","status":"publish","type":"post","link":"https:\/\/ugelchucuito.edu.pe\/portal\/2026\/04\/27\/recomendaciones-debido-a-la-alerta-sanitaria-por-transmision-local-de-sarampion\/","title":{"rendered":"RECOMENDACIONES DEBIDO A LA ALERTA SANITARIA POR TRANSMISI\u00d3N LOCAL DE SARAMPI\u00d3N"},"content":{"rendered":"\n<p>Se comunica a los directores de las instituciones educativas del nivel inicial, primaria, secundaria, EBA y EBE del \u00e1mbito de la UGEL Chucuito, que en m\u00e9rito al OFICIO N\u00b0 259-2026-SP\/PP PROMS-RED-SALUD CHUCUITO-JULI y OFICIO MULTIPLE N\u00b0 234-2026-GRP\/GRDS\/DREP\/DGP\/EI, y Alerta Epidemiol\u00f3gica N\u00b0 005-2026, emitida por el Centro Nacional de Epidemiologia, Prevenci\u00f3n y Control de Enfermedades y Alerta Epidemiol\u00f3gica N\u00b0 02-2026 DIRESA Puno; que dan cuenta del riesgo inminente de transmisi\u00f3n de sarampi\u00f3n en Puno, cumplir con las siguientes recomendaciones:<\/p>\n\n\n\n<ul class=\"wp-block-list\">\n<li>Promover el uso obligatorio de mascarillas en las instituciones educativas.<\/li>\n\n\n\n<li>Asegurar que los miembros de la comunidad educativa realicen el lavado de manos con jab\u00f3n durante 20 segundos en la instituci\u00f3n educativa.<\/li>\n\n\n\n<li>Asegurar la limpieza y desinfecci\u00f3n diaria de los ambientes de la instituci\u00f3n educativa.<\/li>\n\n\n\n<li>Cubrirse la boca y nariz con papel desechable al toser o estornudar, o usar el brazo; y el uso de mascarillas en espacios cerrados.<\/li>\n\n\n\n<li>Sensibilizar a los padres de familia y alumnos para la aceptaci\u00f3n de la vacunaci\u00f3n y permitir el ingreso de las brigadas para la vacunaci\u00f3n contra enfermedades inmunoprevenibles (la vacunaci\u00f3n contra el sarampi\u00f3n se ha extendido hasta los 10 a\u00f1os 11 meses y 29 d\u00edas, en el marco de la alerta sanitaria).\u00a0<\/li>\n<\/ul>\n\n\n\n<figure class=\"wp-block-image size-large is-resized\"><img loading=\"lazy\" decoding=\"async\" width=\"819\" height=\"1024\" src=\"https:\/\/ugelchucuito.edu.pe\/portal\/wp-content\/uploads\/2026\/04\/WhatsApp-Image-2026-04-27-at-5.29.23-PM-1-819x1024.jpeg\" alt=\"\" class=\"wp-image-31608\" style=\"width:819px;height:auto\" srcset=\"https:\/\/ugelchucuito.edu.pe\/portal\/wp-content\/uploads\/2026\/04\/WhatsApp-Image-2026-04-27-at-5.29.23-PM-1-819x1024.jpeg 819w, https:\/\/ugelchucuito.edu.pe\/portal\/wp-content\/uploads\/2026\/04\/WhatsApp-Image-2026-04-27-at-5.29.23-PM-1-240x300.jpeg 240w, https:\/\/ugelchucuito.edu.pe\/portal\/wp-content\/uploads\/2026\/04\/WhatsApp-Image-2026-04-27-at-5.29.23-PM-1-768x960.jpeg 768w, https:\/\/ugelchucuito.edu.pe\/portal\/wp-content\/uploads\/2026\/04\/WhatsApp-Image-2026-04-27-at-5.29.23-PM-1.jpeg 1081w\" sizes=\"auto, (max-width: 819px) 100vw, 819px\" \/><\/figure>\n\n\n\n<figure class=\"wp-block-image size-large\"><img loading=\"lazy\" decoding=\"async\" width=\"781\" height=\"1024\" src=\"https:\/\/ugelchucuito.edu.pe\/portal\/wp-content\/uploads\/2026\/04\/WhatsApp-Image-2026-04-27-at-5.29.23-PM-2-781x1024.jpeg\" alt=\"\" class=\"wp-image-31609\" srcset=\"https:\/\/ugelchucuito.edu.pe\/portal\/wp-content\/uploads\/2026\/04\/WhatsApp-Image-2026-04-27-at-5.29.23-PM-2-781x1024.jpeg 781w, https:\/\/ugelchucuito.edu.pe\/portal\/wp-content\/uploads\/2026\/04\/WhatsApp-Image-2026-04-27-at-5.29.23-PM-2-229x300.jpeg 229w, https:\/\/ugelchucuito.edu.pe\/portal\/wp-content\/uploads\/2026\/04\/WhatsApp-Image-2026-04-27-at-5.29.23-PM-2-768x1008.jpeg 768w, https:\/\/ugelchucuito.edu.pe\/portal\/wp-content\/uploads\/2026\/04\/WhatsApp-Image-2026-04-27-at-5.29.23-PM-2-1171x1536.jpeg 1171w, https:\/\/ugelchucuito.edu.pe\/portal\/wp-content\/uploads\/2026\/04\/WhatsApp-Image-2026-04-27-at-5.29.23-PM-2.jpeg 1561w\" sizes=\"auto, (max-width: 781px) 100vw, 781px\" \/><\/figure>\n\n\n\n<figure class=\"wp-block-image size-large\"><img loading=\"lazy\" decoding=\"async\" width=\"819\" height=\"1024\" src=\"https:\/\/ugelchucuito.edu.pe\/portal\/wp-content\/uploads\/2026\/04\/WhatsApp-Image-2026-04-27-at-5.29.23-PM-819x1024.jpeg\" alt=\"\" class=\"wp-image-31610\" srcset=\"https:\/\/ugelchucuito.edu.pe\/portal\/wp-content\/uploads\/2026\/04\/WhatsApp-Image-2026-04-27-at-5.29.23-PM-819x1024.jpeg 819w, https:\/\/ugelchucuito.edu.pe\/portal\/wp-content\/uploads\/2026\/04\/WhatsApp-Image-2026-04-27-at-5.29.23-PM-240x300.jpeg 240w, https:\/\/ugelchucuito.edu.pe\/portal\/wp-content\/uploads\/2026\/04\/WhatsApp-Image-2026-04-27-at-5.29.23-PM-768x960.jpeg 768w, https:\/\/ugelchucuito.edu.pe\/portal\/wp-content\/uploads\/2026\/04\/WhatsApp-Image-2026-04-27-at-5.29.23-PM-1229x1536.jpeg 1229w, https:\/\/ugelchucuito.edu.pe\/portal\/wp-content\/uploads\/2026\/04\/WhatsApp-Image-2026-04-27-at-5.29.23-PM.jpeg 1279w\" sizes=\"auto, (max-width: 819px) 100vw, 819px\" \/><\/figure>\n","protected":false},"excerpt":{"rendered":"<p>Se comunica a los directores de las instituciones educativas del nivel inicial, primaria, secundaria, EBA y EBE del \u00e1mbito de la UGEL Chucuito, que en m\u00e9rito al OFICIO N\u00b0 259-2026-SP\/PP PROMS-RED-SALUD CHUCUITO-JULI y OFICIO MULTIPLE N\u00b0 234-2026-GRP\/GRDS\/DREP\/DGP\/EI, y Alerta Epidemiol\u00f3gica N\u00b0 005-2026, emitida por el Centro Nacional de Epidemiologia, Prevenci\u00f3n y Control de Enfermedades y [&hellip;]<\/p>\n","protected":false},"author":217,"featured_media":31607,"comment_status":"closed","ping_status":"open","sticky":false,"template":"","format":"standard","meta":{"footnotes":""},"categories":[35],"tags":[],"class_list":["post-31606","post","type-post","status-publish","format-standard","has-post-thumbnail","hentry","category-noticias"],"_links":{"self":[{"href":"https:\/\/ugelchucuito.edu.pe\/portal\/wp-json\/wp\/v2\/posts\/31606","targetHints":{"allow":["GET"]}}],"collection":[{"href":"https:\/\/ugelchucuito.edu.pe\/portal\/wp-json\/wp\/v2\/posts"}],"about":[{"href":"https:\/\/ugelchucuito.edu.pe\/portal\/wp-json\/wp\/v2\/types\/post"}],"author":[{"embeddable":true,"href":"https:\/\/ugelchucuito.edu.pe\/portal\/wp-json\/wp\/v2\/users\/217"}],"replies":[{"embeddable":true,"href":"https:\/\/ugelchucuito.edu.pe\/portal\/wp-json\/wp\/v2\/comments?post=31606"}],"version-history":[{"count":1,"href":"https:\/\/ugelchucuito.edu.pe\/portal\/wp-json\/wp\/v2\/posts\/31606\/revisions"}],"predecessor-version":[{"id":31611,"href":"https:\/\/ugelchucuito.edu.pe\/portal\/wp-json\/wp\/v2\/posts\/31606\/revisions\/31611"}],"wp:featuredmedia":[{"embeddable":true,"href":"https:\/\/ugelchucuito.edu.pe\/portal\/wp-json\/wp\/v2\/media\/31607"}],"wp:attachment":[{"href":"https:\/\/ugelchucuito.edu.pe\/portal\/wp-json\/wp\/v2\/media?parent=31606"}],"wp:term":[{"taxonomy":"category","embeddable":true,"href":"https:\/\/ugelchucuito.edu.pe\/portal\/wp-json\/wp\/v2\/categories?post=31606"},{"taxonomy":"post_tag","embeddable":true,"href":"https:\/\/ugelchucuito.edu.pe\/portal\/wp-json\/wp\/v2\/tags?post=31606"}],"curies":[{"name":"wp","href":"https:\/\/api.w.org\/{rel}","templated":true}]}}