{"id":31637,"date":"2026-04-29T15:28:54","date_gmt":"2026-04-29T20:28:54","guid":{"rendered":"https:\/\/ugelchucuito.edu.pe\/portal\/?p=31637"},"modified":"2026-04-29T15:30:58","modified_gmt":"2026-04-29T20:30:58","slug":"atencion-palmas-magisteriales","status":"publish","type":"post","link":"https:\/\/ugelchucuito.edu.pe\/portal\/2026\/04\/29\/atencion-palmas-magisteriales\/","title":{"rendered":"\u00a1ATENCI\u00d3N COMUNIDAD EDUCATIVA! \u00daLTIMOS DIAS DE INSCRIPCI\u00d3N DE PALMAS MAGISTERIALES"},"content":{"rendered":"\n<p>Se les recuerda que el \u00faltimo d\u00eda de inscripci\u00f3n de candidatos es el Jueves 30 de abril. <\/p>\n\n\n\n<div data-wp-interactive=\"core\/file\" class=\"wp-block-file\"><object data-wp-bind--hidden=\"!state.hasPdfPreview\" hidden class=\"wp-block-file__embed\" data=\"https:\/\/ugelchucuito.edu.pe\/portal\/wp-content\/uploads\/2026\/04\/CCF_000049-1.pdf\" type=\"application\/pdf\" style=\"width:100%;height:600px\" aria-label=\"Incrustado de OFICIO M\u00daLTIPLE N.\u00ba 00068-2026-MINEDU\/VMGP-DIGEDD.\"><\/object><a id=\"wp-block-file--media-62216504-cc9a-41cc-8729-a940674c91ac\" href=\"https:\/\/ugelchucuito.edu.pe\/portal\/wp-content\/uploads\/2026\/04\/CCF_000049-1.pdf\">OFICIO M\u00daLTIPLE N.\u00ba 00068-2026-MINEDU\/VMGP-DIGEDD<\/a><a href=\"https:\/\/ugelchucuito.edu.pe\/portal\/wp-content\/uploads\/2026\/04\/CCF_000049-1.pdf\" class=\"wp-block-file__button wp-element-button\" download aria-describedby=\"wp-block-file--media-62216504-cc9a-41cc-8729-a940674c91ac\">Descarga<\/a><\/div>\n\n\n\n<p><\/p>\n","protected":false},"excerpt":{"rendered":"<p>Se les recuerda que el \u00faltimo d\u00eda de inscripci\u00f3n de candidatos es el Jueves 30 de abril.<\/p>\n","protected":false},"author":217,"featured_media":31638,"comment_status":"closed","ping_status":"open","sticky":false,"template":"","format":"standard","meta":{"footnotes":""},"categories":[7,35],"tags":[],"class_list":["post-31637","post","type-post","status-publish","format-standard","has-post-thumbnail","hentry","category-area-de-gestion-pedagogica","category-noticias"],"_links":{"self":[{"href":"https:\/\/ugelchucuito.edu.pe\/portal\/wp-json\/wp\/v2\/posts\/31637","targetHints":{"allow":["GET"]}}],"collection":[{"href":"https:\/\/ugelchucuito.edu.pe\/portal\/wp-json\/wp\/v2\/posts"}],"about":[{"href":"https:\/\/ugelchucuito.edu.pe\/portal\/wp-json\/wp\/v2\/types\/post"}],"author":[{"embeddable":true,"href":"https:\/\/ugelchucuito.edu.pe\/portal\/wp-json\/wp\/v2\/users\/217"}],"replies":[{"embeddable":true,"href":"https:\/\/ugelchucuito.edu.pe\/portal\/wp-json\/wp\/v2\/comments?post=31637"}],"version-history":[{"count":3,"href":"https:\/\/ugelchucuito.edu.pe\/portal\/wp-json\/wp\/v2\/posts\/31637\/revisions"}],"predecessor-version":[{"id":31643,"href":"https:\/\/ugelchucuito.edu.pe\/portal\/wp-json\/wp\/v2\/posts\/31637\/revisions\/31643"}],"wp:featuredmedia":[{"embeddable":true,"href":"https:\/\/ugelchucuito.edu.pe\/portal\/wp-json\/wp\/v2\/media\/31638"}],"wp:attachment":[{"href":"https:\/\/ugelchucuito.edu.pe\/portal\/wp-json\/wp\/v2\/media?parent=31637"}],"wp:term":[{"taxonomy":"category","embeddable":true,"href":"https:\/\/ugelchucuito.edu.pe\/portal\/wp-json\/wp\/v2\/categories?post=31637"},{"taxonomy":"post_tag","embeddable":true,"href":"https:\/\/ugelchucuito.edu.pe\/portal\/wp-json\/wp\/v2\/tags?post=31637"}],"curies":[{"name":"wp","href":"https:\/\/api.w.org\/{rel}","templated":true}]}}