{"id":319,"date":"2017-07-12T20:29:44","date_gmt":"2017-07-13T01:29:44","guid":{"rendered":"http:\/\/ugelchucuito.edu.pe\/portal\/?p=319"},"modified":"2017-07-12T20:43:58","modified_gmt":"2017-07-13T01:43:58","slug":"ampliacion-de-registro-de-estudiantes-con-nee-ece-2017-15-de-agosto","status":"publish","type":"post","link":"https:\/\/ugelchucuito.edu.pe\/portal\/2017\/07\/12\/ampliacion-de-registro-de-estudiantes-con-nee-ece-2017-15-de-agosto\/","title":{"rendered":"AMPLIACI\u00d3N DE REGISTRO DE ESTUDIANTES CON NEE &#8211; ECE 2017 (15 de agosto)"},"content":{"rendered":"<p>Se pone de conocimiento a\u00a0<strong>TODOS los Directores del nivel Primaria y Secundaria que participar\u00e1n de la ECE 2017<\/strong>\u00a0sobre el Registro de Estudiantes con NEE asociadas a discapacidad que\u00a0<strong>la fecha de registro se ampli\u00f3 hasta el:<\/strong><\/p>\n<h1 style=\"text-align: center;\"><strong><span style=\"color: #ff0000;\">15 DE AGOSTO<\/span><\/strong><\/h1>\n<p>Recordarles que dicho registro es para TODAS las IIEE focalizadas para la ECE 2017; de no tener estudiantes con NEE (2\u00ba y 4\u00ba primaria y 2\u00ba secundaria) deber\u00e1n de ingresar igualmente al sistema, activar el check y enviar declarando que no tienen ning\u00fan estudiante con NEE para dicha evaluaci\u00f3n\u00a0<strong>bajo responsabilidad<\/strong>.<\/p>\n<h1 style=\"text-align: center;\"><span style=\"color: #ff0000;\"><a href=\"http:\/\/umc.minedu.gob.pe\/nee\/\" target=\"_blank\" rel=\"noopener\">http:\/\/umc.minedu.gob.pe\/nee\/<\/a><\/span><\/h1>\n<p>&nbsp;<\/p>\n<p><span style=\"color: #ff0000;\"><strong>ENLACE PARA EL REGISTRO DE ESTUDIANTES CON NEE (VIA WEB)<\/strong><\/span><\/p>\n<p><a href=\"http:\/\/rnee.sistemasumc.com\/index.php\" target=\"_blank\" rel=\"noopener\"><img loading=\"lazy\" decoding=\"async\" class=\"wp-image-310 size-full disappear appear aligncenter\" src=\"http:\/\/ugelchucuito.edu.pe\/portal\/wp-content\/uploads\/2017\/06\/r-nee2.jpg\" sizes=\"auto, (max-width: 546px) 100vw, 546px\" srcset=\"http:\/\/ugelchucuito.edu.pe\/portal\/wp-content\/uploads\/2017\/06\/r-nee2.jpg 546w, http:\/\/ugelchucuito.edu.pe\/portal\/wp-content\/uploads\/2017\/06\/r-nee2-300x253.jpg 300w\" alt=\"\" width=\"546\" height=\"461\" \/><\/a><\/p>\n","protected":false},"excerpt":{"rendered":"<p>Se pone de conocimiento a\u00a0TODOS los Directores del nivel Primaria y Secundaria que participar\u00e1n de la ECE 2017\u00a0sobre el Registro de Estudiantes con NEE asociadas a discapacidad que\u00a0la fecha de registro se ampli\u00f3 hasta el: 15 DE AGOSTO Recordarles que dicho registro es para TODAS las IIEE focalizadas para la ECE 2017; de no tener [&hellip;]<\/p>\n","protected":false},"author":1,"featured_media":0,"comment_status":"open","ping_status":"open","sticky":false,"template":"","format":"standard","meta":{"footnotes":""},"categories":[],"tags":[],"class_list":["post-319","post","type-post","status-publish","format-standard","hentry"],"_links":{"self":[{"href":"https:\/\/ugelchucuito.edu.pe\/portal\/wp-json\/wp\/v2\/posts\/319","targetHints":{"allow":["GET"]}}],"collection":[{"href":"https:\/\/ugelchucuito.edu.pe\/portal\/wp-json\/wp\/v2\/posts"}],"about":[{"href":"https:\/\/ugelchucuito.edu.pe\/portal\/wp-json\/wp\/v2\/types\/post"}],"author":[{"embeddable":true,"href":"https:\/\/ugelchucuito.edu.pe\/portal\/wp-json\/wp\/v2\/users\/1"}],"replies":[{"embeddable":true,"href":"https:\/\/ugelchucuito.edu.pe\/portal\/wp-json\/wp\/v2\/comments?post=319"}],"version-history":[{"count":4,"href":"https:\/\/ugelchucuito.edu.pe\/portal\/wp-json\/wp\/v2\/posts\/319\/revisions"}],"predecessor-version":[{"id":323,"href":"https:\/\/ugelchucuito.edu.pe\/portal\/wp-json\/wp\/v2\/posts\/319\/revisions\/323"}],"wp:attachment":[{"href":"https:\/\/ugelchucuito.edu.pe\/portal\/wp-json\/wp\/v2\/media?parent=319"}],"wp:term":[{"taxonomy":"category","embeddable":true,"href":"https:\/\/ugelchucuito.edu.pe\/portal\/wp-json\/wp\/v2\/categories?post=319"},{"taxonomy":"post_tag","embeddable":true,"href":"https:\/\/ugelchucuito.edu.pe\/portal\/wp-json\/wp\/v2\/tags?post=319"}],"curies":[{"name":"wp","href":"https:\/\/api.w.org\/{rel}","templated":true}]}}