{"id":3199,"date":"2018-07-10T16:43:21","date_gmt":"2018-07-10T21:43:21","guid":{"rendered":"http:\/\/ugelchucuito.edu.pe\/portal\/?p=3199"},"modified":"2018-07-10T16:43:21","modified_gmt":"2018-07-10T21:43:21","slug":"comunicado-urgente-reprogramacion-del-censo-educativo-2018","status":"publish","type":"post","link":"https:\/\/ugelchucuito.edu.pe\/portal\/2018\/07\/10\/comunicado-urgente-reprogramacion-del-censo-educativo-2018\/","title":{"rendered":"COMUNICADO URGENTE: REPROGRAMACION DEL CENSO EDUCATIVO 2018"},"content":{"rendered":"<p><span style=\"color: #0000ff\">A lo Directores de II.EE. y Docentes Coordinadoras de PRONOEIs p\u00fablicas y privadas del \u00e1mbito de la UGEL Chucuito \u00a0Juli, que a\u00fan se encuentran OMISOS al Censo Educativo 2018, que la alimentaci\u00f3n de Datos y Envi\u00f3 en el Aplicativo ESCALE de las C\u00e9dulas \u201cA\u201d y \u201c11\u201d, se ampl\u00eda hasta el <u>13 de Julio<\/u> del 2018. <strong><span style=\"color: #ff0000\">VER COMUNICADO II.<\/span><\/strong><\/span><\/p>\n<p><a href=\"http:\/\/ugelchucuito.edu.pe\/portal\/wp-content\/uploads\/2018\/07\/Comunicado-II-Estadistica.pdf\" target=\"_blank\" rel=\"noopener\">Comunicado II Estad\u00edstica<\/a><\/p>\n","protected":false},"excerpt":{"rendered":"<p>A lo Directores de II.EE. y Docentes Coordinadoras de PRONOEIs p\u00fablicas y privadas del \u00e1mbito de la UGEL Chucuito \u00a0Juli, que a\u00fan se encuentran OMISOS al Censo Educativo 2018, que la alimentaci\u00f3n de Datos y Envi\u00f3 en el Aplicativo ESCALE de las C\u00e9dulas \u201cA\u201d y \u201c11\u201d, se ampl\u00eda hasta el 13 de Julio del 2018. [&hellip;]<\/p>\n","protected":false},"author":11,"featured_media":0,"comment_status":"open","ping_status":"open","sticky":false,"template":"","format":"standard","meta":{"footnotes":""},"categories":[],"tags":[],"class_list":["post-3199","post","type-post","status-publish","format-standard","hentry"],"_links":{"self":[{"href":"https:\/\/ugelchucuito.edu.pe\/portal\/wp-json\/wp\/v2\/posts\/3199","targetHints":{"allow":["GET"]}}],"collection":[{"href":"https:\/\/ugelchucuito.edu.pe\/portal\/wp-json\/wp\/v2\/posts"}],"about":[{"href":"https:\/\/ugelchucuito.edu.pe\/portal\/wp-json\/wp\/v2\/types\/post"}],"author":[{"embeddable":true,"href":"https:\/\/ugelchucuito.edu.pe\/portal\/wp-json\/wp\/v2\/users\/11"}],"replies":[{"embeddable":true,"href":"https:\/\/ugelchucuito.edu.pe\/portal\/wp-json\/wp\/v2\/comments?post=3199"}],"version-history":[{"count":1,"href":"https:\/\/ugelchucuito.edu.pe\/portal\/wp-json\/wp\/v2\/posts\/3199\/revisions"}],"predecessor-version":[{"id":3207,"href":"https:\/\/ugelchucuito.edu.pe\/portal\/wp-json\/wp\/v2\/posts\/3199\/revisions\/3207"}],"wp:attachment":[{"href":"https:\/\/ugelchucuito.edu.pe\/portal\/wp-json\/wp\/v2\/media?parent=3199"}],"wp:term":[{"taxonomy":"category","embeddable":true,"href":"https:\/\/ugelchucuito.edu.pe\/portal\/wp-json\/wp\/v2\/categories?post=3199"},{"taxonomy":"post_tag","embeddable":true,"href":"https:\/\/ugelchucuito.edu.pe\/portal\/wp-json\/wp\/v2\/tags?post=3199"}],"curies":[{"name":"wp","href":"https:\/\/api.w.org\/{rel}","templated":true}]}}