{"id":32448,"date":"2026-09-02T12:50:48","date_gmt":"2026-09-02T17:50:48","guid":{"rendered":"https:\/\/ugelchucuito.edu.pe\/portal\/?p=32448"},"modified":"2026-09-02T13:02:51","modified_gmt":"2026-09-02T18:02:51","slug":"urgente-iiee-beneficarias-de-las-bicicletas-de-rutas-solidarias","status":"publish","type":"post","link":"https:\/\/ugelchucuito.edu.pe\/portal\/2026\/09\/02\/urgente-iiee-beneficarias-de-las-bicicletas-de-rutas-solidarias\/","title":{"rendered":"URGENTE, DIRECTORES DE IIEE BENEFICARIAS DE LAS BICICLETAS DE RUTAS SOLIDARIAS."},"content":{"rendered":"\n<p class=\"wp-block-paragraph\">Apreciados directivos; Recordarles las dos(2) actividades que deben realizar los directores de las IE beneficiarias de Rutas Solidarias:<\/p>\n\n\n\n<ol class=\"wp-block-list\">\n<li>El director deber\u00e1 llenar el Anexo N\u00b0 01 &#8211; Padr\u00f3n de estudiantes y se remitirlo al MINEDU a traves del siguiente enlace:<br><a href=\"https:\/\/docs.google.com\/forms\/d\/e\/1FAIpQLSem08cTdbJm0aApNKHeY_PXzLnXSDLgrHKkyzbzBFpgTnqhMg\/viewform\">https:\/\/docs.google.com\/forms\/d\/e\/1FAIpQLSem08cTdbJm0aApNKHeY_PXzLnXSDLgrHKkyzbzBFpgTnqhMg\/viewform<\/a><\/li>\n\n\n\n<li>El director deber\u00e1 registrar el m\u00f3dulo de Jornada de Mantenimiento a trav\u00e9s del siguiente enlace:<br><a href=\"https:\/\/rutas-solidarias.minedu.gob.pe\/main_mantenimiento\">https:\/\/rutas-solidarias.minedu.gob.pe\/main_mantenimiento<\/a><\/li>\n<\/ol>\n\n\n\n<p class=\"wp-block-paragraph\">Se les invoca a cumplir a la brevedad estas dos actividades.<\/p>\n","protected":false},"excerpt":{"rendered":"<p>Apreciados directivos; Recordarles las dos(2) actividades que deben realizar los directores de las IE beneficiarias de Rutas Solidarias: Se les invoca a cumplir a la brevedad estas dos actividades.<\/p>\n","protected":false},"author":2,"featured_media":32452,"comment_status":"closed","ping_status":"open","sticky":false,"template":"","format":"standard","meta":{"footnotes":""},"categories":[7],"tags":[],"class_list":["post-32448","post","type-post","status-publish","format-standard","has-post-thumbnail","hentry","category-area-de-gestion-pedagogica"],"_links":{"self":[{"href":"https:\/\/ugelchucuito.edu.pe\/portal\/wp-json\/wp\/v2\/posts\/32448","targetHints":{"allow":["GET"]}}],"collection":[{"href":"https:\/\/ugelchucuito.edu.pe\/portal\/wp-json\/wp\/v2\/posts"}],"about":[{"href":"https:\/\/ugelchucuito.edu.pe\/portal\/wp-json\/wp\/v2\/types\/post"}],"author":[{"embeddable":true,"href":"https:\/\/ugelchucuito.edu.pe\/portal\/wp-json\/wp\/v2\/users\/2"}],"replies":[{"embeddable":true,"href":"https:\/\/ugelchucuito.edu.pe\/portal\/wp-json\/wp\/v2\/comments?post=32448"}],"version-history":[{"count":3,"href":"https:\/\/ugelchucuito.edu.pe\/portal\/wp-json\/wp\/v2\/posts\/32448\/revisions"}],"predecessor-version":[{"id":32451,"href":"https:\/\/ugelchucuito.edu.pe\/portal\/wp-json\/wp\/v2\/posts\/32448\/revisions\/32451"}],"wp:featuredmedia":[{"embeddable":true,"href":"https:\/\/ugelchucuito.edu.pe\/portal\/wp-json\/wp\/v2\/media\/32452"}],"wp:attachment":[{"href":"https:\/\/ugelchucuito.edu.pe\/portal\/wp-json\/wp\/v2\/media?parent=32448"}],"wp:term":[{"taxonomy":"category","embeddable":true,"href":"https:\/\/ugelchucuito.edu.pe\/portal\/wp-json\/wp\/v2\/categories?post=32448"},{"taxonomy":"post_tag","embeddable":true,"href":"https:\/\/ugelchucuito.edu.pe\/portal\/wp-json\/wp\/v2\/tags?post=32448"}],"curies":[{"name":"wp","href":"https:\/\/api.w.org\/{rel}","templated":true}]}}