{"id":3276,"date":"2018-07-16T17:36:21","date_gmt":"2018-07-16T22:36:21","guid":{"rendered":"http:\/\/ugelchucuito.edu.pe\/portal\/?p=3276"},"modified":"2018-07-16T17:36:21","modified_gmt":"2018-07-16T22:36:21","slug":"reprogramacion-de-racionalizacion-2018-del-personal-administrativo-y-auxiliar-de-educacion","status":"publish","type":"post","link":"https:\/\/ugelchucuito.edu.pe\/portal\/2018\/07\/16\/reprogramacion-de-racionalizacion-2018-del-personal-administrativo-y-auxiliar-de-educacion\/","title":{"rendered":"REPROGRAMACI\u00d3N DE RACIONALIZACI\u00d3N 2018 DEL PERSONAL ADMINISTRATIVO Y AUXILIAR DE EDUCACI\u00d3N"},"content":{"rendered":"<p>Se pone de conocimiento a los se\u00f1ores Directores de la II.EE. que faltan alcanzar\u00a0sus Informes Finales del proceso de racionalizaci\u00f3n del Personal Administrativo y Auxiliar de Educaci\u00f3n a la CORA UGEL, tienen plazo hasta 17 julio 2018 para concluir el proceso de nacionalizaci\u00f3n. <span style=\"color: #ff0000\">Ver reprogramaci\u00f3n:<\/span><\/p>\n<p><a href=\"http:\/\/ugelchucuito.edu.pe\/portal\/wp-content\/uploads\/2018\/07\/REPROGRAMACION-276-Y-AUX-EDUC-CORA-UGEL.pdf\" target=\"_blank\" rel=\"noopener\">REPROGRAMACI\u00d3N PARA PERSONAL ADM. Y AUX. EDUC.<\/a><\/p>\n","protected":false},"excerpt":{"rendered":"<p>Se pone de conocimiento a los se\u00f1ores Directores de la II.EE. que faltan alcanzar\u00a0sus Informes Finales del proceso de racionalizaci\u00f3n del Personal Administrativo y Auxiliar de Educaci\u00f3n a la CORA UGEL, tienen plazo hasta 17 julio 2018 para concluir el proceso de nacionalizaci\u00f3n. Ver reprogramaci\u00f3n: REPROGRAMACI\u00d3N PARA PERSONAL ADM. Y AUX. EDUC.<\/p>\n","protected":false},"author":11,"featured_media":0,"comment_status":"open","ping_status":"open","sticky":false,"template":"","format":"standard","meta":{"footnotes":""},"categories":[],"tags":[],"class_list":["post-3276","post","type-post","status-publish","format-standard","hentry"],"_links":{"self":[{"href":"https:\/\/ugelchucuito.edu.pe\/portal\/wp-json\/wp\/v2\/posts\/3276","targetHints":{"allow":["GET"]}}],"collection":[{"href":"https:\/\/ugelchucuito.edu.pe\/portal\/wp-json\/wp\/v2\/posts"}],"about":[{"href":"https:\/\/ugelchucuito.edu.pe\/portal\/wp-json\/wp\/v2\/types\/post"}],"author":[{"embeddable":true,"href":"https:\/\/ugelchucuito.edu.pe\/portal\/wp-json\/wp\/v2\/users\/11"}],"replies":[{"embeddable":true,"href":"https:\/\/ugelchucuito.edu.pe\/portal\/wp-json\/wp\/v2\/comments?post=3276"}],"version-history":[{"count":1,"href":"https:\/\/ugelchucuito.edu.pe\/portal\/wp-json\/wp\/v2\/posts\/3276\/revisions"}],"predecessor-version":[{"id":3278,"href":"https:\/\/ugelchucuito.edu.pe\/portal\/wp-json\/wp\/v2\/posts\/3276\/revisions\/3278"}],"wp:attachment":[{"href":"https:\/\/ugelchucuito.edu.pe\/portal\/wp-json\/wp\/v2\/media?parent=3276"}],"wp:term":[{"taxonomy":"category","embeddable":true,"href":"https:\/\/ugelchucuito.edu.pe\/portal\/wp-json\/wp\/v2\/categories?post=3276"},{"taxonomy":"post_tag","embeddable":true,"href":"https:\/\/ugelchucuito.edu.pe\/portal\/wp-json\/wp\/v2\/tags?post=3276"}],"curies":[{"name":"wp","href":"https:\/\/api.w.org\/{rel}","templated":true}]}}