{"id":3369,"date":"2018-07-30T11:57:52","date_gmt":"2018-07-30T16:57:52","guid":{"rendered":"http:\/\/ugelchucuito.edu.pe\/portal\/?p=3369"},"modified":"2018-07-30T11:57:52","modified_gmt":"2018-07-30T16:57:52","slug":"edicion-de-spots-educativos-radiales-sobre-discriminacion-y-equidad-de-genero-area-formacion-ciudadana-y-civica","status":"publish","type":"post","link":"https:\/\/ugelchucuito.edu.pe\/portal\/2018\/07\/30\/edicion-de-spots-educativos-radiales-sobre-discriminacion-y-equidad-de-genero-area-formacion-ciudadana-y-civica\/","title":{"rendered":"EDICI\u00d3N DE SPOTS EDUCATIVOS RADIALES SOBRE DISCRIMINACI\u00d3N Y EQUIDAD DE G\u00c9NERO-\u00c1REA FORMACI\u00d3N CIUDADANA Y C\u00cdVICA"},"content":{"rendered":"<p>Estimados\u00a0 maestros de Formaci\u00f3n Ciudadana y C\u00edvica:<\/p>\n<p>Con el objetivo de promover la participaci\u00f3n estudiantil sobre asuntos p\u00fablicos a partir de la elaboraci\u00f3n y ejecuci\u00f3n de proyectos participativos, la DRE Puno y las Unidades de Gesti\u00f3n Educativa de la Regi\u00f3n, en cumplimiento a la Directiva N\u00b0 021-2018-GR-PUNO, hacemos de su conocimiento el proyecto de elaboraci\u00f3n de Spost educativos radiales sobre <strong>Discriminaci\u00f3n y equidad de g\u00e9nero,\u00a0<\/strong>con los detalles\u00a0 que est\u00e1n contenidos en la Directiva. Esperando su participaci\u00f3n, estamos atentos a cualquier duda.<\/p>\n<p><a href=\"http:\/\/ugelchucuito.edu.pe\/portal\/wp-content\/uploads\/2018\/07\/Directiva-020_2018_DREP.pdf\" target=\"_blank\" rel=\"noopener\">Descargar Directiva<\/a><\/p>\n<p><a href=\"http:\/\/ugelchucuito.edu.pe\/portal\/wp-content\/uploads\/2018\/07\/Spot-radial.pptx\" target=\"_blank\" rel=\"noopener\">Descargar anexo<\/a><\/p>\n<p>Prof. Oscar Andrade Catacora<\/p>\n<p>Cel. 973528724<\/p>\n<p>Correo: oscarandrade70@gmail.com<\/p>\n","protected":false},"excerpt":{"rendered":"<p>Estimados\u00a0 maestros de Formaci\u00f3n Ciudadana y C\u00edvica: Con el objetivo de promover la participaci\u00f3n estudiantil sobre asuntos p\u00fablicos a partir de la elaboraci\u00f3n y ejecuci\u00f3n de proyectos participativos, la DRE Puno y las Unidades de Gesti\u00f3n Educativa de la Regi\u00f3n, en cumplimiento a la Directiva N\u00b0 021-2018-GR-PUNO, hacemos de su conocimiento el proyecto de elaboraci\u00f3n [&hellip;]<\/p>\n","protected":false},"author":7,"featured_media":0,"comment_status":"open","ping_status":"open","sticky":false,"template":"","format":"standard","meta":{"footnotes":""},"categories":[],"tags":[],"class_list":["post-3369","post","type-post","status-publish","format-standard","hentry"],"_links":{"self":[{"href":"https:\/\/ugelchucuito.edu.pe\/portal\/wp-json\/wp\/v2\/posts\/3369","targetHints":{"allow":["GET"]}}],"collection":[{"href":"https:\/\/ugelchucuito.edu.pe\/portal\/wp-json\/wp\/v2\/posts"}],"about":[{"href":"https:\/\/ugelchucuito.edu.pe\/portal\/wp-json\/wp\/v2\/types\/post"}],"author":[{"embeddable":true,"href":"https:\/\/ugelchucuito.edu.pe\/portal\/wp-json\/wp\/v2\/users\/7"}],"replies":[{"embeddable":true,"href":"https:\/\/ugelchucuito.edu.pe\/portal\/wp-json\/wp\/v2\/comments?post=3369"}],"version-history":[{"count":2,"href":"https:\/\/ugelchucuito.edu.pe\/portal\/wp-json\/wp\/v2\/posts\/3369\/revisions"}],"predecessor-version":[{"id":3374,"href":"https:\/\/ugelchucuito.edu.pe\/portal\/wp-json\/wp\/v2\/posts\/3369\/revisions\/3374"}],"wp:attachment":[{"href":"https:\/\/ugelchucuito.edu.pe\/portal\/wp-json\/wp\/v2\/media?parent=3369"}],"wp:term":[{"taxonomy":"category","embeddable":true,"href":"https:\/\/ugelchucuito.edu.pe\/portal\/wp-json\/wp\/v2\/categories?post=3369"},{"taxonomy":"post_tag","embeddable":true,"href":"https:\/\/ugelchucuito.edu.pe\/portal\/wp-json\/wp\/v2\/tags?post=3369"}],"curies":[{"name":"wp","href":"https:\/\/api.w.org\/{rel}","templated":true}]}}