{"id":3390,"date":"2018-08-01T00:20:39","date_gmt":"2018-08-01T05:20:39","guid":{"rendered":"http:\/\/ugelchucuito.edu.pe\/portal\/?p=3390"},"modified":"2018-08-01T00:20:39","modified_gmt":"2018-08-01T05:20:39","slug":"comunicado-para-docentes-nombrados-excedentes-del-proceso-de-racionalizacion-2018","status":"publish","type":"post","link":"https:\/\/ugelchucuito.edu.pe\/portal\/2018\/08\/01\/comunicado-para-docentes-nombrados-excedentes-del-proceso-de-racionalizacion-2018\/","title":{"rendered":"COMUNICADO PARA DOCENTES NOMBRADOS EXCEDENTES DEL PROCESO DE RACIONALIZACI\u00d3N 2018"},"content":{"rendered":"<p>Se comunica a los se\u00f1ores Profesores excedentes del Proceso de Racionalizaci\u00f3n del Personal Docente 2018 (RSG N\u00b01825-2014-MINEDU) del \u00e1mbito de la UGEL Chucuito, que deber\u00e1n apersonarse a tr\u00e1mite documentario (mesa de partes) de la UGEL Chucuito Juli, a recoger sus oficios de notificaci\u00f3n de Acto Administrativo<\/p>\n<p><a href=\"http:\/\/ugelchucuito.edu.pe\/portal\/wp-content\/uploads\/2018\/08\/Comunicado-X-Racionalizaci\u00f3n.pdf\" target=\"_blank\" rel=\"noopener\">Comunicado X Racionalizaci\u00f3n<\/a><\/p>\n","protected":false},"excerpt":{"rendered":"<p>Se comunica a los se\u00f1ores Profesores excedentes del Proceso de Racionalizaci\u00f3n del Personal Docente 2018 (RSG N\u00b01825-2014-MINEDU) del \u00e1mbito de la UGEL Chucuito, que deber\u00e1n apersonarse a tr\u00e1mite documentario (mesa de partes) de la UGEL Chucuito Juli, a recoger sus oficios de notificaci\u00f3n de Acto Administrativo Comunicado X Racionalizaci\u00f3n<\/p>\n","protected":false},"author":11,"featured_media":0,"comment_status":"open","ping_status":"open","sticky":false,"template":"","format":"standard","meta":{"footnotes":""},"categories":[],"tags":[],"class_list":["post-3390","post","type-post","status-publish","format-standard","hentry"],"_links":{"self":[{"href":"https:\/\/ugelchucuito.edu.pe\/portal\/wp-json\/wp\/v2\/posts\/3390","targetHints":{"allow":["GET"]}}],"collection":[{"href":"https:\/\/ugelchucuito.edu.pe\/portal\/wp-json\/wp\/v2\/posts"}],"about":[{"href":"https:\/\/ugelchucuito.edu.pe\/portal\/wp-json\/wp\/v2\/types\/post"}],"author":[{"embeddable":true,"href":"https:\/\/ugelchucuito.edu.pe\/portal\/wp-json\/wp\/v2\/users\/11"}],"replies":[{"embeddable":true,"href":"https:\/\/ugelchucuito.edu.pe\/portal\/wp-json\/wp\/v2\/comments?post=3390"}],"version-history":[{"count":1,"href":"https:\/\/ugelchucuito.edu.pe\/portal\/wp-json\/wp\/v2\/posts\/3390\/revisions"}],"predecessor-version":[{"id":3391,"href":"https:\/\/ugelchucuito.edu.pe\/portal\/wp-json\/wp\/v2\/posts\/3390\/revisions\/3391"}],"wp:attachment":[{"href":"https:\/\/ugelchucuito.edu.pe\/portal\/wp-json\/wp\/v2\/media?parent=3390"}],"wp:term":[{"taxonomy":"category","embeddable":true,"href":"https:\/\/ugelchucuito.edu.pe\/portal\/wp-json\/wp\/v2\/categories?post=3390"},{"taxonomy":"post_tag","embeddable":true,"href":"https:\/\/ugelchucuito.edu.pe\/portal\/wp-json\/wp\/v2\/tags?post=3390"}],"curies":[{"name":"wp","href":"https:\/\/api.w.org\/{rel}","templated":true}]}}