{"id":3430,"date":"2018-08-07T08:56:21","date_gmt":"2018-08-07T13:56:21","guid":{"rendered":"http:\/\/ugelchucuito.edu.pe\/portal\/?p=3430"},"modified":"2018-08-07T09:06:49","modified_gmt":"2018-08-07T14:06:49","slug":"convocatoria-para-el-puesto-de-apoyo-educativo-ies-andres-avelino-caceres","status":"publish","type":"post","link":"https:\/\/ugelchucuito.edu.pe\/portal\/2018\/08\/07\/convocatoria-para-el-puesto-de-apoyo-educativo-ies-andres-avelino-caceres\/","title":{"rendered":"CONVOCATORIA PARA EL PUESTO DE APOYO EDUCATIVO \u2013 IES \u201cANDR\u00c9S AVELINO C\u00c1CERES\u201d"},"content":{"rendered":"<p><span style=\"font-family: 'trebuchet ms', geneva\">Convocatoria para (02) plazas vacantes de APOYO EDUCATIVO para la IES \u201cANDR\u00c9S AVELINO C\u00c1CERES\u201d-ZEPITA generados por renuncia; para postulantes elegibles que no fueron adjudicados del ranking de la \u00faltima convocatoria.<\/span><\/p>\n<p><span style=\"font-family: 'trebuchet ms', geneva\">La adjudicaci\u00f3n se realizar\u00e1 en las instalaciones de la UGEL Chucuito Juli el d\u00eda mi\u00e9rcoles 08 de agosto del 2018 a las 3:30 pm. en estricto orden de m\u00e9rito.<\/span><\/p>\n<p><span style=\"font-family: 'trebuchet ms', geneva\">Descargar <strong>RANKING <a href=\"http:\/\/ugelchucuito.edu.pe\/portal\/wp-content\/uploads\/2018\/08\/2\u00ba-proceso-cas-resultados-finales-APOYO-EDUCATIVO.pdf\" target=\"_blank\" rel=\"noopener\">\u00a0APOYO EDUCATIVO<\/a><\/strong><\/span><\/p>\n<p><span style=\"font-family: 'trebuchet ms', geneva\">La Comisi\u00f3n.<\/span><\/p>\n","protected":false},"excerpt":{"rendered":"<p>Convocatoria para (02) plazas vacantes de APOYO EDUCATIVO para la IES \u201cANDR\u00c9S AVELINO C\u00c1CERES\u201d-ZEPITA generados por renuncia; para postulantes elegibles que no fueron adjudicados del ranking de la \u00faltima convocatoria. La adjudicaci\u00f3n se realizar\u00e1 en las instalaciones de la UGEL Chucuito Juli el d\u00eda mi\u00e9rcoles 08 de agosto del 2018 a las 3:30 pm. en [&hellip;]<\/p>\n","protected":false},"author":1,"featured_media":0,"comment_status":"open","ping_status":"open","sticky":false,"template":"","format":"standard","meta":{"footnotes":""},"categories":[],"tags":[],"class_list":["post-3430","post","type-post","status-publish","format-standard","hentry"],"_links":{"self":[{"href":"https:\/\/ugelchucuito.edu.pe\/portal\/wp-json\/wp\/v2\/posts\/3430","targetHints":{"allow":["GET"]}}],"collection":[{"href":"https:\/\/ugelchucuito.edu.pe\/portal\/wp-json\/wp\/v2\/posts"}],"about":[{"href":"https:\/\/ugelchucuito.edu.pe\/portal\/wp-json\/wp\/v2\/types\/post"}],"author":[{"embeddable":true,"href":"https:\/\/ugelchucuito.edu.pe\/portal\/wp-json\/wp\/v2\/users\/1"}],"replies":[{"embeddable":true,"href":"https:\/\/ugelchucuito.edu.pe\/portal\/wp-json\/wp\/v2\/comments?post=3430"}],"version-history":[{"count":4,"href":"https:\/\/ugelchucuito.edu.pe\/portal\/wp-json\/wp\/v2\/posts\/3430\/revisions"}],"predecessor-version":[{"id":3435,"href":"https:\/\/ugelchucuito.edu.pe\/portal\/wp-json\/wp\/v2\/posts\/3430\/revisions\/3435"}],"wp:attachment":[{"href":"https:\/\/ugelchucuito.edu.pe\/portal\/wp-json\/wp\/v2\/media?parent=3430"}],"wp:term":[{"taxonomy":"category","embeddable":true,"href":"https:\/\/ugelchucuito.edu.pe\/portal\/wp-json\/wp\/v2\/categories?post=3430"},{"taxonomy":"post_tag","embeddable":true,"href":"https:\/\/ugelchucuito.edu.pe\/portal\/wp-json\/wp\/v2\/tags?post=3430"}],"curies":[{"name":"wp","href":"https:\/\/api.w.org\/{rel}","templated":true}]}}