{"id":3656,"date":"2018-09-03T19:01:44","date_gmt":"2018-09-04T00:01:44","guid":{"rendered":"http:\/\/ugelchucuito.edu.pe\/portal\/?p=3656"},"modified":"2018-09-03T20:55:43","modified_gmt":"2018-09-04T01:55:43","slug":"__trashed","status":"publish","type":"post","link":"https:\/\/ugelchucuito.edu.pe\/portal\/2018\/09\/03\/__trashed\/","title":{"rendered":"REPROGRAMACI\u00d3N &#8211; CONVOCATORIA CAS DE LAS INTERVENCIONES PEDAG\u00d3GICAS PP0090"},"content":{"rendered":"<h1 style=\"text-align: center;\"><span style=\"color: #ff0000;\"><strong>REPROGRAMACI\u00d3N<\/strong><\/span><\/h1>\n<h1 style=\"text-align: center;\"><a href=\"http:\/\/ugelchucuito.edu.pe\/portal\/wp-content\/uploads\/2018\/09\/REPROGRAMACION-DEL-CRONOGRAMA-2.pdf\" target=\"_blank\" rel=\"noopener\">CRONOGRAMA CAS \u2013 INTERVENCIONES PEDAG\u00d3GICAS PP0090<\/a><\/h1>\n<h2><\/h2>\n<p><span style=\"color: #ffffff;\">.<img loading=\"lazy\" decoding=\"async\" class=\"wp-image-3746 size-full aligncenter\" src=\"http:\/\/ugelchucuito.edu.pe\/portal\/wp-content\/uploads\/2018\/08\/plazas-vacantes-0090.jpg\" alt=\"\" width=\"564\" height=\"426\" \/><\/span><\/p>\n<p><span style=\"color: #ffffff;\">.<\/span><\/p>\n<p><a href=\"http:\/\/ugelchucuito.edu.pe\/portal\/wp-content\/uploads\/2018\/08\/CAS-024-ACOMPA\u00d1ANTE-COMUNICACION-JEC-ok.pdf\" target=\"_blank\" rel=\"noopener\">CAS 024 TDR &#8211; Acompa\u00f1ante Pedag\u00f3gico de COMUNICACI\u00d3N JEC (02 plazas)<\/a><\/p>\n<p><a href=\"http:\/\/ugelchucuito.edu.pe\/portal\/wp-content\/uploads\/2018\/08\/CAS-025-ACOMPA\u00d1ANTE-MATEMATICA-JEC-ok.pdf\" target=\"_blank\" rel=\"noopener\">CAS 025 TDR &#8211; Acompa\u00f1ante Pedag\u00f3gico de MATEMATICA JEC (02 plazas)<\/a><\/p>\n<p><a href=\"http:\/\/ugelchucuito.edu.pe\/portal\/wp-content\/uploads\/2018\/08\/CAS-026-GESTOR-CURRICULAR.pdf\" target=\"_blank\" rel=\"noopener\">CAS 026 TDR &#8211; Gestor Curricular (02 plazas)<\/a><\/p>\n<p><span style=\"color: #ffffff;\">.<\/span><\/p>\n<p>&nbsp;<\/p>\n<h3><span style=\"color: #ff0000;\">Anexos:<\/span><\/h3>\n<p><a href=\"http:\/\/ugelchucuito.edu.pe\/portal\/wp-content\/uploads\/2018\/08\/ANEXOS-EN-WORD.docx\" target=\"_blank\" rel=\"noopener\">ANEXOS EN WORD<\/a><\/p>\n","protected":false},"excerpt":{"rendered":"<p>REPROGRAMACI\u00d3N CRONOGRAMA CAS \u2013 INTERVENCIONES PEDAG\u00d3GICAS PP0090 . . CAS 024 TDR &#8211; Acompa\u00f1ante Pedag\u00f3gico de COMUNICACI\u00d3N JEC (02 plazas) CAS 025 TDR &#8211; Acompa\u00f1ante Pedag\u00f3gico de MATEMATICA JEC (02 plazas) CAS 026 TDR &#8211; Gestor Curricular (02 plazas) . &nbsp; Anexos: ANEXOS EN WORD<\/p>\n","protected":false},"author":1,"featured_media":0,"comment_status":"open","ping_status":"open","sticky":false,"template":"","format":"standard","meta":{"footnotes":""},"categories":[],"tags":[],"class_list":["post-3656","post","type-post","status-publish","format-standard","hentry"],"_links":{"self":[{"href":"https:\/\/ugelchucuito.edu.pe\/portal\/wp-json\/wp\/v2\/posts\/3656","targetHints":{"allow":["GET"]}}],"collection":[{"href":"https:\/\/ugelchucuito.edu.pe\/portal\/wp-json\/wp\/v2\/posts"}],"about":[{"href":"https:\/\/ugelchucuito.edu.pe\/portal\/wp-json\/wp\/v2\/types\/post"}],"author":[{"embeddable":true,"href":"https:\/\/ugelchucuito.edu.pe\/portal\/wp-json\/wp\/v2\/users\/1"}],"replies":[{"embeddable":true,"href":"https:\/\/ugelchucuito.edu.pe\/portal\/wp-json\/wp\/v2\/comments?post=3656"}],"version-history":[{"count":11,"href":"https:\/\/ugelchucuito.edu.pe\/portal\/wp-json\/wp\/v2\/posts\/3656\/revisions"}],"predecessor-version":[{"id":3747,"href":"https:\/\/ugelchucuito.edu.pe\/portal\/wp-json\/wp\/v2\/posts\/3656\/revisions\/3747"}],"wp:attachment":[{"href":"https:\/\/ugelchucuito.edu.pe\/portal\/wp-json\/wp\/v2\/media?parent=3656"}],"wp:term":[{"taxonomy":"category","embeddable":true,"href":"https:\/\/ugelchucuito.edu.pe\/portal\/wp-json\/wp\/v2\/categories?post=3656"},{"taxonomy":"post_tag","embeddable":true,"href":"https:\/\/ugelchucuito.edu.pe\/portal\/wp-json\/wp\/v2\/tags?post=3656"}],"curies":[{"name":"wp","href":"https:\/\/api.w.org\/{rel}","templated":true}]}}