{"id":3762,"date":"2018-09-03T17:45:10","date_gmt":"2018-09-03T22:45:10","guid":{"rendered":"http:\/\/ugelchucuito.edu.pe\/portal\/?p=3762"},"modified":"2018-09-03T17:45:10","modified_gmt":"2018-09-03T22:45:10","slug":"comunicado-programa-de-formacion-y-soporte-secundaria-ece-2018","status":"publish","type":"post","link":"https:\/\/ugelchucuito.edu.pe\/portal\/2018\/09\/03\/comunicado-programa-de-formacion-y-soporte-secundaria-ece-2018\/","title":{"rendered":"COMUNICADO: PROGRAMA DE FORMACI\u00d3N Y SOPORTE SECUNDARIA \u2013 ECE 2018"},"content":{"rendered":"<p>Saludos,<\/p>\n<p>Estimados colegas.<\/p>\n<p>El taller para el programa de formaci\u00f3n y soporte para docentes de educaci\u00f3n secundaria en el marco de la <span style=\"font-size: 20px;color: #0000ff\">ECE 2018<\/span>, se desarrollar\u00e1 de de la siguiente manera:<\/p>\n<p><span style=\"font-size: 20px;color: #003300\">Martes 04 de setiembre<\/span> en la <strong>IEP San Juan Bosco<\/strong> a partir de las <strong>09:00 a.m.<\/strong> con los docentes de las \u00e1reas de:\u00a0<span style=\"color: #003366\">CTA e Historia Geograf\u00eda y Econom\u00eda.<\/span><\/p>\n<p><span style=\"font-size: 20px;color: #003300\">Mi\u00e9rcoles 05 de setiembre<\/span> en el auditorio de la <strong>IES Mar\u00eda Asunci\u00f3n\u00a0Galindo<\/strong> a partir de las <strong>8:30 a.m.<\/strong> con los docentes de las \u00e1reas de: <span style=\"color: #003366\">Matem\u00e1tica, Comunicaci\u00f3n, CTA e Historia Geograf\u00eda y Econom\u00eda.<\/span><\/p>\n<p>Los esperamos muy cordialmente.<\/p>\n","protected":false},"excerpt":{"rendered":"<p>Saludos, Estimados colegas. El taller para el programa de formaci\u00f3n y soporte para docentes de educaci\u00f3n secundaria en el marco de la ECE 2018, se desarrollar\u00e1 de de la siguiente manera: Martes 04 de setiembre en la IEP San Juan Bosco a partir de las 09:00 a.m. con los docentes de las \u00e1reas de:\u00a0CTA e [&hellip;]<\/p>\n","protected":false},"author":2,"featured_media":0,"comment_status":"open","ping_status":"open","sticky":false,"template":"","format":"standard","meta":{"footnotes":""},"categories":[],"tags":[],"class_list":["post-3762","post","type-post","status-publish","format-standard","hentry"],"_links":{"self":[{"href":"https:\/\/ugelchucuito.edu.pe\/portal\/wp-json\/wp\/v2\/posts\/3762","targetHints":{"allow":["GET"]}}],"collection":[{"href":"https:\/\/ugelchucuito.edu.pe\/portal\/wp-json\/wp\/v2\/posts"}],"about":[{"href":"https:\/\/ugelchucuito.edu.pe\/portal\/wp-json\/wp\/v2\/types\/post"}],"author":[{"embeddable":true,"href":"https:\/\/ugelchucuito.edu.pe\/portal\/wp-json\/wp\/v2\/users\/2"}],"replies":[{"embeddable":true,"href":"https:\/\/ugelchucuito.edu.pe\/portal\/wp-json\/wp\/v2\/comments?post=3762"}],"version-history":[{"count":1,"href":"https:\/\/ugelchucuito.edu.pe\/portal\/wp-json\/wp\/v2\/posts\/3762\/revisions"}],"predecessor-version":[{"id":3763,"href":"https:\/\/ugelchucuito.edu.pe\/portal\/wp-json\/wp\/v2\/posts\/3762\/revisions\/3763"}],"wp:attachment":[{"href":"https:\/\/ugelchucuito.edu.pe\/portal\/wp-json\/wp\/v2\/media?parent=3762"}],"wp:term":[{"taxonomy":"category","embeddable":true,"href":"https:\/\/ugelchucuito.edu.pe\/portal\/wp-json\/wp\/v2\/categories?post=3762"},{"taxonomy":"post_tag","embeddable":true,"href":"https:\/\/ugelchucuito.edu.pe\/portal\/wp-json\/wp\/v2\/tags?post=3762"}],"curies":[{"name":"wp","href":"https:\/\/api.w.org\/{rel}","templated":true}]}}