{"id":3765,"date":"2018-09-03T18:55:35","date_gmt":"2018-09-03T23:55:35","guid":{"rendered":"http:\/\/ugelchucuito.edu.pe\/portal\/?p=3765"},"modified":"2018-09-03T18:55:35","modified_gmt":"2018-09-03T23:55:35","slug":"convocatoria-a-taller-de-fortalecimiento-de-redes-educativas","status":"publish","type":"post","link":"https:\/\/ugelchucuito.edu.pe\/portal\/2018\/09\/03\/convocatoria-a-taller-de-fortalecimiento-de-redes-educativas\/","title":{"rendered":"CONVOCATORIA A TALLER DE FORTALECIMIENTO DE REDES EDUCATIVAS"},"content":{"rendered":"<p>Saludo cordial a todos colegas profesores: Se convoca al <strong>Taller Vivencial de Fortalecimiento\u00a0 de Redes Educativas Territoriales Vivas<\/strong>: Desempe\u00f1o Docente e Innovaci\u00f3n en el Aula; Neuropedagogia y Tarea Docente; Plan de Acci\u00f3n de las Redes Vivas; Estrategia de Monitoreo y Seguimiento a las Redes Vivas.<\/p>\n<p>Participaran de acuerdo a las sedes al Oficio Adjunto:<\/p>\n<p><a href=\"http:\/\/ugelchucuito.edu.pe\/portal\/wp-content\/uploads\/2018\/09\/OFICIO-TALLER-REDES.pdf\" target=\"_blank\" rel=\"noopener\">DESCARGAR OFICIO<\/a><\/p>\n","protected":false},"excerpt":{"rendered":"<p>Saludo cordial a todos colegas profesores: Se convoca al Taller Vivencial de Fortalecimiento\u00a0 de Redes Educativas Territoriales Vivas: Desempe\u00f1o Docente e Innovaci\u00f3n en el Aula; Neuropedagogia y Tarea Docente; Plan de Acci\u00f3n de las Redes Vivas; Estrategia de Monitoreo y Seguimiento a las Redes Vivas. Participaran de acuerdo a las sedes al Oficio Adjunto: DESCARGAR [&hellip;]<\/p>\n","protected":false},"author":1,"featured_media":0,"comment_status":"open","ping_status":"open","sticky":false,"template":"","format":"standard","meta":{"footnotes":""},"categories":[],"tags":[],"class_list":["post-3765","post","type-post","status-publish","format-standard","hentry"],"_links":{"self":[{"href":"https:\/\/ugelchucuito.edu.pe\/portal\/wp-json\/wp\/v2\/posts\/3765","targetHints":{"allow":["GET"]}}],"collection":[{"href":"https:\/\/ugelchucuito.edu.pe\/portal\/wp-json\/wp\/v2\/posts"}],"about":[{"href":"https:\/\/ugelchucuito.edu.pe\/portal\/wp-json\/wp\/v2\/types\/post"}],"author":[{"embeddable":true,"href":"https:\/\/ugelchucuito.edu.pe\/portal\/wp-json\/wp\/v2\/users\/1"}],"replies":[{"embeddable":true,"href":"https:\/\/ugelchucuito.edu.pe\/portal\/wp-json\/wp\/v2\/comments?post=3765"}],"version-history":[{"count":1,"href":"https:\/\/ugelchucuito.edu.pe\/portal\/wp-json\/wp\/v2\/posts\/3765\/revisions"}],"predecessor-version":[{"id":3773,"href":"https:\/\/ugelchucuito.edu.pe\/portal\/wp-json\/wp\/v2\/posts\/3765\/revisions\/3773"}],"wp:attachment":[{"href":"https:\/\/ugelchucuito.edu.pe\/portal\/wp-json\/wp\/v2\/media?parent=3765"}],"wp:term":[{"taxonomy":"category","embeddable":true,"href":"https:\/\/ugelchucuito.edu.pe\/portal\/wp-json\/wp\/v2\/categories?post=3765"},{"taxonomy":"post_tag","embeddable":true,"href":"https:\/\/ugelchucuito.edu.pe\/portal\/wp-json\/wp\/v2\/tags?post=3765"}],"curies":[{"name":"wp","href":"https:\/\/api.w.org\/{rel}","templated":true}]}}