{"id":3879,"date":"2018-09-14T12:32:34","date_gmt":"2018-09-14T17:32:34","guid":{"rendered":"http:\/\/ugelchucuito.edu.pe\/portal\/?p=3879"},"modified":"2018-09-14T12:34:05","modified_gmt":"2018-09-14T17:34:05","slug":"comunicado-curso-taller-gestion-educativa-por-resultados-con-el-uso-de-las-tecnologias-de-la-informacion-y-comunicacion","status":"publish","type":"post","link":"https:\/\/ugelchucuito.edu.pe\/portal\/2018\/09\/14\/comunicado-curso-taller-gestion-educativa-por-resultados-con-el-uso-de-las-tecnologias-de-la-informacion-y-comunicacion\/","title":{"rendered":"COMUNICADO &#8211; CURSO TALLER \u00abGESTI\u00d3N EDUCATIVA POR RESULTADOS CON EL USO DE LAS TECNOLOG\u00cdAS DE LA INFORMACI\u00d3N Y COMUNICACI\u00d3N\u00bb (ENTREGA DE CERTIFICADOS)"},"content":{"rendered":"<p>Se comunica a todos los participantes que se inscribieron al\u00a0CURSO TALLER \u00abGESTI\u00d3N EDUCATIVA POR RESULTADOS CON EL USO DE LAS TECNOLOG\u00cdAS DE LA INFORMACI\u00d3N Y COMUNICACI\u00d3N\u00bb; acercarse al \u00c1rea de Gesti\u00f3n Institucional de la UGEL Chucuito, para poder recoger sus respectivos Certificados.<\/p>\n<p>LOS ORGANIZADORES<\/p>\n","protected":false},"excerpt":{"rendered":"<p>Se comunica a todos los participantes que se inscribieron al\u00a0CURSO TALLER \u00abGESTI\u00d3N EDUCATIVA POR RESULTADOS CON EL USO DE LAS TECNOLOG\u00cdAS DE LA INFORMACI\u00d3N Y COMUNICACI\u00d3N\u00bb; acercarse al \u00c1rea de Gesti\u00f3n Institucional de la UGEL Chucuito, para poder recoger sus respectivos Certificados. LOS ORGANIZADORES<\/p>\n","protected":false},"author":3,"featured_media":0,"comment_status":"open","ping_status":"open","sticky":false,"template":"","format":"standard","meta":{"footnotes":""},"categories":[],"tags":[],"class_list":["post-3879","post","type-post","status-publish","format-standard","hentry"],"_links":{"self":[{"href":"https:\/\/ugelchucuito.edu.pe\/portal\/wp-json\/wp\/v2\/posts\/3879","targetHints":{"allow":["GET"]}}],"collection":[{"href":"https:\/\/ugelchucuito.edu.pe\/portal\/wp-json\/wp\/v2\/posts"}],"about":[{"href":"https:\/\/ugelchucuito.edu.pe\/portal\/wp-json\/wp\/v2\/types\/post"}],"author":[{"embeddable":true,"href":"https:\/\/ugelchucuito.edu.pe\/portal\/wp-json\/wp\/v2\/users\/3"}],"replies":[{"embeddable":true,"href":"https:\/\/ugelchucuito.edu.pe\/portal\/wp-json\/wp\/v2\/comments?post=3879"}],"version-history":[{"count":2,"href":"https:\/\/ugelchucuito.edu.pe\/portal\/wp-json\/wp\/v2\/posts\/3879\/revisions"}],"predecessor-version":[{"id":3881,"href":"https:\/\/ugelchucuito.edu.pe\/portal\/wp-json\/wp\/v2\/posts\/3879\/revisions\/3881"}],"wp:attachment":[{"href":"https:\/\/ugelchucuito.edu.pe\/portal\/wp-json\/wp\/v2\/media?parent=3879"}],"wp:term":[{"taxonomy":"category","embeddable":true,"href":"https:\/\/ugelchucuito.edu.pe\/portal\/wp-json\/wp\/v2\/categories?post=3879"},{"taxonomy":"post_tag","embeddable":true,"href":"https:\/\/ugelchucuito.edu.pe\/portal\/wp-json\/wp\/v2\/tags?post=3879"}],"curies":[{"name":"wp","href":"https:\/\/api.w.org\/{rel}","templated":true}]}}