{"id":3951,"date":"2018-09-24T13:52:41","date_gmt":"2018-09-24T18:52:41","guid":{"rendered":"http:\/\/ugelchucuito.edu.pe\/portal\/?p=3951"},"modified":"2018-09-24T13:52:41","modified_gmt":"2018-09-24T18:52:41","slug":"mensaje-por-el-dia-de-la-juventud","status":"publish","type":"post","link":"https:\/\/ugelchucuito.edu.pe\/portal\/2018\/09\/24\/mensaje-por-el-dia-de-la-juventud\/","title":{"rendered":"MENSAJE POR EL D\u00cdA DE LA JUVENTUD"},"content":{"rendered":"<p>Mis estimadas y estimados j\u00f3venes<\/p>\n<p>Hoy\u00a0 quiero conmemorar una fecha\u00a0 especial\u00a0 para la juventud, este mensaje\u00a0 que hoy dirijo a cada uno de ustedes, esta\u00a0 elaborado\u00a0 con los a\u00f1os de experiencia en la docencia, en el mundo de la educaci\u00f3n, lo cual me ha permitido encontrarme con muchos j\u00f3venes y jovencitas como ustedes.<\/p>\n<p>&nbsp;<\/p>\n<p>Mi deseo\u00a0 de coraz\u00f3n es hacerlos consientes de lo que valen, tanto para sus amigos y amigas,\u00a0 compa\u00f1eros de clase, para sus maestros \u00a0sus padres y para la sociedad, por que alguien me dijo alguna vez \u201cEs vital que los j\u00f3venes puedan sentir un gran cambio y este sea posible <strong>creando opini\u00f3n<\/strong>\u00a0y asumiendo\u00a0<strong>modelos de conducta<\/strong>\u00a0a trav\u00e9s de la imitaci\u00f3n\u201d.<\/p>\n<p>&nbsp;<\/p>\n<p>A lo largo de su vida estimadas y estimados j\u00f3venes, han realizado muchas cosas importantes, pero ahora tienen que enfrentarse a nuevos retos los cuales cambian con el avance del tiempo, ustedes son el presente, y tienen que extraerle a este momento de su vida toda su riqueza y orientarla para lograr el bien\u00a0 de cada uno y de la sociedad\u00a0 en su conjunto.<\/p>\n<p>&nbsp;<\/p>\n<p>Entiendo que les a tocado vivir en un ambiente donde la tecnolog\u00eda avanza a grandes pasos, a la bulla por parte de los medios\u00a0 de comunicaci\u00f3n no deja concentrarse y en un punto donde las cosas malas son pan de cada d\u00eda<\/p>\n<p>&nbsp;<\/p>\n<p>Pero les invoco y ruego a que no se dejen llevar como mansos corderos , mas por el contrario sean ustedes quienes mediante la lectura busquen soluciones a esta vida y puedan apreciar lo hermoso que es vivir y crecer, les pido que busquen dentro de su ser esos valores sociales, que casi est\u00e1n perdidos y los\u00a0 pongan en practica , para lograr una mejor sociedad que es la que ustedes quieren.<\/p>\n<p>&nbsp;<\/p>\n<p>\u00a1\u00a1Feliz d\u00eda de la juventud!!!<\/p>\n<p>&nbsp;<\/p>\n<p>Atentamente,<\/p>\n<p>&nbsp;<\/p>\n<p>Prof. Nelly Zabala Banegas<\/p>\n<p>Directora de la UGEL Chucuito Juli<\/p>\n","protected":false},"excerpt":{"rendered":"<p>Mis estimadas y estimados j\u00f3venes Hoy\u00a0 quiero conmemorar una fecha\u00a0 especial\u00a0 para la juventud, este mensaje\u00a0 que hoy dirijo a cada uno de ustedes, esta\u00a0 elaborado\u00a0 con los a\u00f1os de experiencia en la docencia, en el mundo de la educaci\u00f3n, lo cual me ha permitido encontrarme con muchos j\u00f3venes y jovencitas como ustedes. &nbsp; Mi [&hellip;]<\/p>\n","protected":false},"author":1,"featured_media":0,"comment_status":"open","ping_status":"open","sticky":false,"template":"","format":"standard","meta":{"footnotes":""},"categories":[],"tags":[],"class_list":["post-3951","post","type-post","status-publish","format-standard","hentry"],"_links":{"self":[{"href":"https:\/\/ugelchucuito.edu.pe\/portal\/wp-json\/wp\/v2\/posts\/3951","targetHints":{"allow":["GET"]}}],"collection":[{"href":"https:\/\/ugelchucuito.edu.pe\/portal\/wp-json\/wp\/v2\/posts"}],"about":[{"href":"https:\/\/ugelchucuito.edu.pe\/portal\/wp-json\/wp\/v2\/types\/post"}],"author":[{"embeddable":true,"href":"https:\/\/ugelchucuito.edu.pe\/portal\/wp-json\/wp\/v2\/users\/1"}],"replies":[{"embeddable":true,"href":"https:\/\/ugelchucuito.edu.pe\/portal\/wp-json\/wp\/v2\/comments?post=3951"}],"version-history":[{"count":1,"href":"https:\/\/ugelchucuito.edu.pe\/portal\/wp-json\/wp\/v2\/posts\/3951\/revisions"}],"predecessor-version":[{"id":3952,"href":"https:\/\/ugelchucuito.edu.pe\/portal\/wp-json\/wp\/v2\/posts\/3951\/revisions\/3952"}],"wp:attachment":[{"href":"https:\/\/ugelchucuito.edu.pe\/portal\/wp-json\/wp\/v2\/media?parent=3951"}],"wp:term":[{"taxonomy":"category","embeddable":true,"href":"https:\/\/ugelchucuito.edu.pe\/portal\/wp-json\/wp\/v2\/categories?post=3951"},{"taxonomy":"post_tag","embeddable":true,"href":"https:\/\/ugelchucuito.edu.pe\/portal\/wp-json\/wp\/v2\/tags?post=3951"}],"curies":[{"name":"wp","href":"https:\/\/api.w.org\/{rel}","templated":true}]}}