{"id":3953,"date":"2018-09-24T14:16:52","date_gmt":"2018-09-24T19:16:52","guid":{"rendered":"http:\/\/ugelchucuito.edu.pe\/portal\/?p=3953"},"modified":"2018-09-24T14:16:52","modified_gmt":"2018-09-24T19:16:52","slug":"ugel-chucuito-juli-obtiene-mencion-honrosa","status":"publish","type":"post","link":"https:\/\/ugelchucuito.edu.pe\/portal\/2018\/09\/24\/ugel-chucuito-juli-obtiene-mencion-honrosa\/","title":{"rendered":"UGEL CHUCUITO JULI OBTIENE MENCI\u00d3N HONROSA"},"content":{"rendered":"<p><strong>UNIDAD DE GESTI\u00d3N EDUCATIVA LOCAL CHUCUITO JULI, OBTIENE MENCI\u00d3N HONROSA CON LA\u00a0 IMPLEMENTACI\u00d3N DEL PROGRAMA INTEGRADO PARA LA MEJORA DE LOS APRENDIZAJES EN LOS ESTUDIANTES DE LAS II.EE. DE LA PROVINCIA DE CHUCUITO<\/strong><\/p>\n<p><strong>\u00a0<\/strong><\/p>\n<p>En la tercera edici\u00f3n del Concurso de Buenas Pr\u00e1cticas de Gesti\u00f3n Educativa, organizado por el MINEDU, que\u00a0 busca reconocer y premiar las experiencias creativas, innovadoras y exitosas que se vienen desarrollando desde las DRE\/GRE y UGEL, cuyos resultados est\u00e1n vinculados a mejoras en la gesti\u00f3n del servicio educativo.<\/p>\n<p>La Unidad De Gesti\u00f3n\u00a0 Educativa Local Chucuito Juli, participo con la\u00a0 Implementaci\u00f3n del programa integrado para la mejora de los aprendizajes en los estudiantes de las II.EE. de la provincia de Chucuito, obteniendo la menci\u00f3n honrosa, gracias al trabajo de todos los integrantes de la UGEL Chucuito Juli<\/p>\n<p>Dicho programa consiste en la Existencia\u00a0 de altas demandas de los docentes por acceder a programas de formaci\u00f3n, de acompa\u00f1amiento y de coordinaci\u00f3n que se relacionen con lo pedag\u00f3gico. A ello se suma la poca gesti\u00f3n que se dio en\u00a0 anteriores gestiones por parte de la UGEL para atender a las II.EE. rurales y promover el intercambio de buenas pr\u00e1cticas entre las escuelas.<\/p>\n<p>Frente a ello, la UGEL realiz\u00f3 convenios con FONDEP y gestion\u00f3 recursos con los gobiernos locales para implementar un Programa Integrado de Acompa\u00f1amiento a las II.EE. de la provincia de Chucuito Juli, que cuenta con cuatro estrategias: 1) escuelas maestras e innovadoras como centro de aprendizaje de los docentes; 2) implementaci\u00f3n y funcionamiento de Redes Educativas Vivas; 3) grupos de inter aprendizaje entre l\u00edderes pedag\u00f3gicos; y\u00a0 4) Sistema de Formaci\u00f3n Permanente para fortalecer la formaci\u00f3n continua.<\/p>\n<p>Logros alcanzados por la UGEL Chucuito Juli : las II.EE. se sienten atendidas por su UGEL; el 75 % de directores de II.EE. participa en las GIA y redes; de 379 inscritos en el Sistema de Formaci\u00f3n Permanente, 80 % ha aprobado; 353 docentes participan en las Redes Educativas Vivas; 7 II.EE. m\u00e1s se convertir\u00e1n en escuelas maestras para pasant\u00eda.<\/p>\n","protected":false},"excerpt":{"rendered":"<p>UNIDAD DE GESTI\u00d3N EDUCATIVA LOCAL CHUCUITO JULI, OBTIENE MENCI\u00d3N HONROSA CON LA\u00a0 IMPLEMENTACI\u00d3N DEL PROGRAMA INTEGRADO PARA LA MEJORA DE LOS APRENDIZAJES EN LOS ESTUDIANTES DE LAS II.EE. DE LA PROVINCIA DE CHUCUITO \u00a0 En la tercera edici\u00f3n del Concurso de Buenas Pr\u00e1cticas de Gesti\u00f3n Educativa, organizado por el MINEDU, que\u00a0 busca reconocer y premiar [&hellip;]<\/p>\n","protected":false},"author":1,"featured_media":0,"comment_status":"open","ping_status":"open","sticky":false,"template":"","format":"standard","meta":{"footnotes":""},"categories":[],"tags":[],"class_list":["post-3953","post","type-post","status-publish","format-standard","hentry"],"_links":{"self":[{"href":"https:\/\/ugelchucuito.edu.pe\/portal\/wp-json\/wp\/v2\/posts\/3953","targetHints":{"allow":["GET"]}}],"collection":[{"href":"https:\/\/ugelchucuito.edu.pe\/portal\/wp-json\/wp\/v2\/posts"}],"about":[{"href":"https:\/\/ugelchucuito.edu.pe\/portal\/wp-json\/wp\/v2\/types\/post"}],"author":[{"embeddable":true,"href":"https:\/\/ugelchucuito.edu.pe\/portal\/wp-json\/wp\/v2\/users\/1"}],"replies":[{"embeddable":true,"href":"https:\/\/ugelchucuito.edu.pe\/portal\/wp-json\/wp\/v2\/comments?post=3953"}],"version-history":[{"count":1,"href":"https:\/\/ugelchucuito.edu.pe\/portal\/wp-json\/wp\/v2\/posts\/3953\/revisions"}],"predecessor-version":[{"id":3955,"href":"https:\/\/ugelchucuito.edu.pe\/portal\/wp-json\/wp\/v2\/posts\/3953\/revisions\/3955"}],"wp:attachment":[{"href":"https:\/\/ugelchucuito.edu.pe\/portal\/wp-json\/wp\/v2\/media?parent=3953"}],"wp:term":[{"taxonomy":"category","embeddable":true,"href":"https:\/\/ugelchucuito.edu.pe\/portal\/wp-json\/wp\/v2\/categories?post=3953"},{"taxonomy":"post_tag","embeddable":true,"href":"https:\/\/ugelchucuito.edu.pe\/portal\/wp-json\/wp\/v2\/tags?post=3953"}],"curies":[{"name":"wp","href":"https:\/\/api.w.org\/{rel}","templated":true}]}}