{"id":3971,"date":"2018-09-26T17:51:17","date_gmt":"2018-09-26T22:51:17","guid":{"rendered":"http:\/\/ugelchucuito.edu.pe\/portal\/?p=3971"},"modified":"2018-09-26T17:51:17","modified_gmt":"2018-09-26T22:51:17","slug":"convocatoria-taller-de-capacitacion-a-docentes-del-area-de-educacion-fisica","status":"publish","type":"post","link":"https:\/\/ugelchucuito.edu.pe\/portal\/2018\/09\/26\/convocatoria-taller-de-capacitacion-a-docentes-del-area-de-educacion-fisica\/","title":{"rendered":"CONVOCATORIA: TALLER DE CAPACITACI\u00d3N A DOCENTES DEL \u00c1REA DE EDUCACI\u00d3N F\u00cdSICA"},"content":{"rendered":"<p><a href=\"http:\/\/ugelchucuito.edu.pe\/portal\/wp-content\/uploads\/2018\/09\/doc08313920180926175310.pdf\" target=\"_blank\" rel=\"noopener\">VER OFICIO M\u00daLTIPLE DE CONVOCATORIA<\/a><\/p>\n","protected":false},"excerpt":{"rendered":"<p>VER OFICIO M\u00daLTIPLE DE CONVOCATORIA<\/p>\n","protected":false},"author":3,"featured_media":0,"comment_status":"open","ping_status":"open","sticky":false,"template":"","format":"standard","meta":{"footnotes":""},"categories":[],"tags":[],"class_list":["post-3971","post","type-post","status-publish","format-standard","hentry"],"_links":{"self":[{"href":"https:\/\/ugelchucuito.edu.pe\/portal\/wp-json\/wp\/v2\/posts\/3971","targetHints":{"allow":["GET"]}}],"collection":[{"href":"https:\/\/ugelchucuito.edu.pe\/portal\/wp-json\/wp\/v2\/posts"}],"about":[{"href":"https:\/\/ugelchucuito.edu.pe\/portal\/wp-json\/wp\/v2\/types\/post"}],"author":[{"embeddable":true,"href":"https:\/\/ugelchucuito.edu.pe\/portal\/wp-json\/wp\/v2\/users\/3"}],"replies":[{"embeddable":true,"href":"https:\/\/ugelchucuito.edu.pe\/portal\/wp-json\/wp\/v2\/comments?post=3971"}],"version-history":[{"count":1,"href":"https:\/\/ugelchucuito.edu.pe\/portal\/wp-json\/wp\/v2\/posts\/3971\/revisions"}],"predecessor-version":[{"id":3973,"href":"https:\/\/ugelchucuito.edu.pe\/portal\/wp-json\/wp\/v2\/posts\/3971\/revisions\/3973"}],"wp:attachment":[{"href":"https:\/\/ugelchucuito.edu.pe\/portal\/wp-json\/wp\/v2\/media?parent=3971"}],"wp:term":[{"taxonomy":"category","embeddable":true,"href":"https:\/\/ugelchucuito.edu.pe\/portal\/wp-json\/wp\/v2\/categories?post=3971"},{"taxonomy":"post_tag","embeddable":true,"href":"https:\/\/ugelchucuito.edu.pe\/portal\/wp-json\/wp\/v2\/tags?post=3971"}],"curies":[{"name":"wp","href":"https:\/\/api.w.org\/{rel}","templated":true}]}}