{"id":3979,"date":"2018-10-01T10:58:49","date_gmt":"2018-10-01T15:58:49","guid":{"rendered":"http:\/\/ugelchucuito.edu.pe\/portal\/?p=3979"},"modified":"2018-10-01T11:23:32","modified_gmt":"2018-10-01T16:23:32","slug":"convocatoria-personal-cas-lugar-de-evaluacion-tecnica","status":"publish","type":"post","link":"https:\/\/ugelchucuito.edu.pe\/portal\/2018\/10\/01\/convocatoria-personal-cas-lugar-de-evaluacion-tecnica\/","title":{"rendered":"CONVOCATORIA PERSONAL CAS \u2013 LUGAR DE EVALUACI\u00d3N T\u00c9CNICA"},"content":{"rendered":"<h2>Se comunica a los postulantes APTOS de los siguientes cargos:<\/h2>\n<ul>\n<li>\n<h2>Coordinador Administrativo y de Recursos Educativos Zona Urbana (CARE Urbano)<\/h2>\n<\/li>\n<li>\n<h2>Coordinador de Innovaci\u00f3n y Soporte Tecnol\u00f3gico (CIST)<\/h2>\n<\/li>\n<\/ul>\n<h2>La evaluaci\u00f3n t\u00e9cnica se llevar\u00e1 a cabo en la <strong><span style=\"color: #ff0000;\">IES \u00abMar\u00eda Asunci\u00f3n Galindo\u00bb<\/span><\/strong> a horas 3:00 p.m. seg\u00fan cronograma.<\/h2>\n<p><span style=\"color: #ffffff;\">.<\/span><\/p>\n<p>&nbsp;<\/p>\n","protected":false},"excerpt":{"rendered":"<p>Se comunica a los postulantes APTOS de los siguientes cargos: Coordinador Administrativo y de Recursos Educativos Zona Urbana (CARE Urbano) Coordinador de Innovaci\u00f3n y Soporte Tecnol\u00f3gico (CIST) La evaluaci\u00f3n t\u00e9cnica se llevar\u00e1 a cabo en la IES \u00abMar\u00eda Asunci\u00f3n Galindo\u00bb a horas 3:00 p.m. seg\u00fan cronograma. . &nbsp;<\/p>\n","protected":false},"author":1,"featured_media":0,"comment_status":"open","ping_status":"open","sticky":false,"template":"","format":"standard","meta":{"footnotes":""},"categories":[],"tags":[],"class_list":["post-3979","post","type-post","status-publish","format-standard","hentry"],"_links":{"self":[{"href":"https:\/\/ugelchucuito.edu.pe\/portal\/wp-json\/wp\/v2\/posts\/3979","targetHints":{"allow":["GET"]}}],"collection":[{"href":"https:\/\/ugelchucuito.edu.pe\/portal\/wp-json\/wp\/v2\/posts"}],"about":[{"href":"https:\/\/ugelchucuito.edu.pe\/portal\/wp-json\/wp\/v2\/types\/post"}],"author":[{"embeddable":true,"href":"https:\/\/ugelchucuito.edu.pe\/portal\/wp-json\/wp\/v2\/users\/1"}],"replies":[{"embeddable":true,"href":"https:\/\/ugelchucuito.edu.pe\/portal\/wp-json\/wp\/v2\/comments?post=3979"}],"version-history":[{"count":2,"href":"https:\/\/ugelchucuito.edu.pe\/portal\/wp-json\/wp\/v2\/posts\/3979\/revisions"}],"predecessor-version":[{"id":3981,"href":"https:\/\/ugelchucuito.edu.pe\/portal\/wp-json\/wp\/v2\/posts\/3979\/revisions\/3981"}],"wp:attachment":[{"href":"https:\/\/ugelchucuito.edu.pe\/portal\/wp-json\/wp\/v2\/media?parent=3979"}],"wp:term":[{"taxonomy":"category","embeddable":true,"href":"https:\/\/ugelchucuito.edu.pe\/portal\/wp-json\/wp\/v2\/categories?post=3979"},{"taxonomy":"post_tag","embeddable":true,"href":"https:\/\/ugelchucuito.edu.pe\/portal\/wp-json\/wp\/v2\/tags?post=3979"}],"curies":[{"name":"wp","href":"https:\/\/api.w.org\/{rel}","templated":true}]}}