{"id":3993,"date":"2018-10-01T20:54:49","date_gmt":"2018-10-02T01:54:49","guid":{"rendered":"http:\/\/ugelchucuito.edu.pe\/portal\/?p=3993"},"modified":"2018-10-01T20:56:20","modified_gmt":"2018-10-02T01:56:20","slug":"convocatoria-personal-cas-cronograma-entrevista-personal","status":"publish","type":"post","link":"https:\/\/ugelchucuito.edu.pe\/portal\/2018\/10\/01\/convocatoria-personal-cas-cronograma-entrevista-personal\/","title":{"rendered":"CONVOCATORIA PERSONAL CAS \u2013 CRONOGRAMA ENTREVISTA PERSONAL"},"content":{"rendered":"<h2><span style=\"color: #000080;\">Las entrevistas se realizaran en la UGEL Chucuito \u2013 Oficina de <span style=\"color: #ff0000;\">\u00c1rea de Gesti\u00f3n Pedag\u00f3gica<\/span> (segundo piso) a partir de las 2:00 p.m. seg\u00fan cronograma.<\/span><\/h2>\n<p><span style=\"color: #ffffff;\">.<\/span><\/p>\n<h2 style=\"text-align: center;\"><span style=\"color: #ff0000;\">DESCARGAR:<\/span><\/h2>\n<p><span style=\"color: #ffffff;\">.<\/span><\/p>\n<h1 style=\"text-align: center;\"><a href=\"http:\/\/ugelchucuito.edu.pe\/portal\/wp-content\/uploads\/2018\/10\/CRONOGRAMA-ENTREVISTA-PERSONAL-CAS.pdf\" target=\"_blank\" rel=\"noopener\">CRONOGRAMA ENTREVISTA PERSONAL<\/a><\/h1>\n<p><span style=\"color: #ffffff;\">.<\/span><\/p>\n","protected":false},"excerpt":{"rendered":"<p>Las entrevistas se realizaran en la UGEL Chucuito \u2013 Oficina de \u00c1rea de Gesti\u00f3n Pedag\u00f3gica (segundo piso) a partir de las 2:00 p.m. seg\u00fan cronograma. . DESCARGAR: . CRONOGRAMA ENTREVISTA PERSONAL .<\/p>\n","protected":false},"author":1,"featured_media":0,"comment_status":"open","ping_status":"open","sticky":false,"template":"","format":"standard","meta":{"footnotes":""},"categories":[],"tags":[],"class_list":["post-3993","post","type-post","status-publish","format-standard","hentry"],"_links":{"self":[{"href":"https:\/\/ugelchucuito.edu.pe\/portal\/wp-json\/wp\/v2\/posts\/3993","targetHints":{"allow":["GET"]}}],"collection":[{"href":"https:\/\/ugelchucuito.edu.pe\/portal\/wp-json\/wp\/v2\/posts"}],"about":[{"href":"https:\/\/ugelchucuito.edu.pe\/portal\/wp-json\/wp\/v2\/types\/post"}],"author":[{"embeddable":true,"href":"https:\/\/ugelchucuito.edu.pe\/portal\/wp-json\/wp\/v2\/users\/1"}],"replies":[{"embeddable":true,"href":"https:\/\/ugelchucuito.edu.pe\/portal\/wp-json\/wp\/v2\/comments?post=3993"}],"version-history":[{"count":2,"href":"https:\/\/ugelchucuito.edu.pe\/portal\/wp-json\/wp\/v2\/posts\/3993\/revisions"}],"predecessor-version":[{"id":3996,"href":"https:\/\/ugelchucuito.edu.pe\/portal\/wp-json\/wp\/v2\/posts\/3993\/revisions\/3996"}],"wp:attachment":[{"href":"https:\/\/ugelchucuito.edu.pe\/portal\/wp-json\/wp\/v2\/media?parent=3993"}],"wp:term":[{"taxonomy":"category","embeddable":true,"href":"https:\/\/ugelchucuito.edu.pe\/portal\/wp-json\/wp\/v2\/categories?post=3993"},{"taxonomy":"post_tag","embeddable":true,"href":"https:\/\/ugelchucuito.edu.pe\/portal\/wp-json\/wp\/v2\/tags?post=3993"}],"curies":[{"name":"wp","href":"https:\/\/api.w.org\/{rel}","templated":true}]}}