{"id":4112,"date":"2018-10-05T09:26:15","date_gmt":"2018-10-05T14:26:15","guid":{"rendered":"http:\/\/ugelchucuito.edu.pe\/portal\/?p=4112"},"modified":"2018-10-05T09:26:15","modified_gmt":"2018-10-05T14:26:15","slug":"directores-participan-en-el-vi-gia","status":"publish","type":"post","link":"https:\/\/ugelchucuito.edu.pe\/portal\/2018\/10\/05\/directores-participan-en-el-vi-gia\/","title":{"rendered":"DIRECTORES PARTICIPAN EN EL VI GIA"},"content":{"rendered":"<p style=\"text-align: center\"><strong><u>DIRECTORES PARTICIPAN EN EL VI GIA DEL \u00c1MBITO DE LA UGEL CHUCUITO \u2013 JULI<\/u><\/strong><\/p>\n<p>Con gran \u00e9xito se realizo el sexto taller GIA (Grupo De Inter Aprendizaje),\u00a0 para l\u00edderes pedag\u00f3gicos dentro del marco del plan de mejora para logros de aprendizajes 2018, en este participaron\u00a0 aproximadamente 100 directores de las instituciones educativas de los\u00a0 3 niveles inicial , primaria y secundaria,\u00a0 este evento se realizo en la instituci\u00f3n educativa primaria N\u00ba 71003\u00a0 891 Juli<\/p>\n<p>Cabe mencionar que para los directores de primaria y secundaria se les dio una charla por parte del personal del instituto nacional de estad\u00edstica e inform\u00e1tica INEI, con miras a la evaluaci\u00f3n censal\u00a0 de estudiantes 2018, en donde indicaron los procesos que realizar\u00e1n los aplicadores\u00a0 antes, durante y despu\u00e9s de esta prueba a los alumnos en el \u00e1mbito de los distritos de Juli y Pomata, mientras que para las directoras de inicial se\u00a0 conto con la participaci\u00f3n de los trabajadores de la red\u00a0 de salud de Chucuito Juli quienes capacitaron a las\u00a0 directoras en\u00a0 limpieza bucal para ni\u00f1os.<\/p>\n<p>Esta actividad fue liderada por los especialistas del \u00c1rea De Gesti\u00f3n Pedag\u00f3gica\u00a0 de la Unidad De Gesti\u00f3n Educativa Local Chucuito Juli, as\u00ed mismo se viene\u00a0 realizando los talleres para los lideres pedag\u00f3gicos de los distritos de Kelluyo, Zepita, desaguadero y Pisacoma para los d\u00edas\u00a0 04 y 05\u00a0 de octubre.<\/p>\n<p><strong>Oficina de imagen institucional<\/strong><\/p>\n","protected":false},"excerpt":{"rendered":"<p>DIRECTORES PARTICIPAN EN EL VI GIA DEL \u00c1MBITO DE LA UGEL CHUCUITO \u2013 JULI Con gran \u00e9xito se realizo el sexto taller GIA (Grupo De Inter Aprendizaje),\u00a0 para l\u00edderes pedag\u00f3gicos dentro del marco del plan de mejora para logros de aprendizajes 2018, en este participaron\u00a0 aproximadamente 100 directores de las instituciones educativas de los\u00a0 3 [&hellip;]<\/p>\n","protected":false},"author":1,"featured_media":0,"comment_status":"open","ping_status":"open","sticky":false,"template":"","format":"standard","meta":{"footnotes":""},"categories":[],"tags":[],"class_list":["post-4112","post","type-post","status-publish","format-standard","hentry"],"_links":{"self":[{"href":"https:\/\/ugelchucuito.edu.pe\/portal\/wp-json\/wp\/v2\/posts\/4112","targetHints":{"allow":["GET"]}}],"collection":[{"href":"https:\/\/ugelchucuito.edu.pe\/portal\/wp-json\/wp\/v2\/posts"}],"about":[{"href":"https:\/\/ugelchucuito.edu.pe\/portal\/wp-json\/wp\/v2\/types\/post"}],"author":[{"embeddable":true,"href":"https:\/\/ugelchucuito.edu.pe\/portal\/wp-json\/wp\/v2\/users\/1"}],"replies":[{"embeddable":true,"href":"https:\/\/ugelchucuito.edu.pe\/portal\/wp-json\/wp\/v2\/comments?post=4112"}],"version-history":[{"count":1,"href":"https:\/\/ugelchucuito.edu.pe\/portal\/wp-json\/wp\/v2\/posts\/4112\/revisions"}],"predecessor-version":[{"id":4114,"href":"https:\/\/ugelchucuito.edu.pe\/portal\/wp-json\/wp\/v2\/posts\/4112\/revisions\/4114"}],"wp:attachment":[{"href":"https:\/\/ugelchucuito.edu.pe\/portal\/wp-json\/wp\/v2\/media?parent=4112"}],"wp:term":[{"taxonomy":"category","embeddable":true,"href":"https:\/\/ugelchucuito.edu.pe\/portal\/wp-json\/wp\/v2\/categories?post=4112"},{"taxonomy":"post_tag","embeddable":true,"href":"https:\/\/ugelchucuito.edu.pe\/portal\/wp-json\/wp\/v2\/tags?post=4112"}],"curies":[{"name":"wp","href":"https:\/\/api.w.org\/{rel}","templated":true}]}}