{"id":412,"date":"2017-07-17T22:31:31","date_gmt":"2017-07-18T03:31:31","guid":{"rendered":"http:\/\/ugelchucuito.edu.pe\/portal\/?p=412"},"modified":"2017-07-17T22:31:31","modified_gmt":"2017-07-18T03:31:31","slug":"segunda-edicion-del-curso-de-robotica-educativa-para-primaria-multigrado","status":"publish","type":"post","link":"https:\/\/ugelchucuito.edu.pe\/portal\/2017\/07\/17\/segunda-edicion-del-curso-de-robotica-educativa-para-primaria-multigrado\/","title":{"rendered":"SEGUNDA EDICI\u00d3N DEL CURSO DE ROBOTICA EDUCATIVA PARA PRIMARIA MULTIGRADO"},"content":{"rendered":"<p><strong>La convocatoria para este curso virtual estar\u00e1 abierta hasta alcanzar las 2000 vacantes consideradas para esta edici\u00f3n del curso, dirigida a\u00a0\u00a0docentes, acompa\u00f1antes y especialistas pedag\u00f3gicos regionales de primaria multigrado.<\/strong><\/p>\n<div class=\"thumbnail\"><img decoding=\"async\" class=\"complete\" src=\"http:\/\/www.perueduca.pe\/documents\/10179\/222502660\/primera-edicion-curso-Rob%C3%B3tica-primaria-multigrado_700x400?t=1500050354433\" border=\"0\" \/><\/div>\n<p>En esta segunda edici\u00f3n del\u00a0<strong>curso virtual a distancia<\/strong>\u00a0<strong>Rob\u00f3tica Educativa para primaria multigrado<\/strong>\u00a0este a\u00f1o 2017 se espera contar con la participaci\u00f3n activa de los docentes, acompa\u00f1antes pedag\u00f3gicos y especialistas pedag\u00f3gicos regionales de instituciones educativas de primaria multigrado que no participaron en la edici\u00f3n anterior, ya sea de la Direcci\u00f3n de Servicios Educativos en el \u00c1mbito Rural (DISER) o de la Direcci\u00f3n de Educaci\u00f3n Intercultural Biling\u00fce (DEIB).<\/p>\n<p>La Direcci\u00f3n de Servicios Educativos en el \u00c1mbito Rural (DISER) ha preparado esta segunda edici\u00f3n de este curso autoformativo con la modalidad virtual y a distancia dirigido a docentes y acompa\u00f1antes de instituciones educativas de primaria multigrado y unidocentes que cuentan con kits de rob\u00f3tica educativa en su instituci\u00f3n educativa o que puedan gestionarlos en una instituci\u00f3n cercana.<\/p>\n<h1><strong>\u00bfQu\u00e9 es lo que necesitas?<\/strong><\/h1>\n<p>Antes de proceder a inscribirte ten en cuenta los siguientes requisitos:<\/p>\n<ul>\n<li>Ser docente de una IE primaria multigrado o unidocente; ser actualmente acompa\u00f1ante pedag\u00f3gico de instituciones educativas multigrado o ser especialista pedag\u00f3gico regional que tiene a su cargo a acompa\u00f1antes pedag\u00f3gicos de IIEE multigrado. Este es un requisito indispensable y se verificar\u00e1 con el c\u00f3digo modular de la IE que se consigne en su formulario de inscripci\u00f3n.<\/li>\n<li>No haber sido aceptado como participante en la primera edici\u00f3n del curso que se desarroll\u00f3 de febrero a mayo 2017.<\/li>\n<li>Que la IE donde labora cuente con al menos un kit de rob\u00f3tica educativa (incluye laptop XO).<\/li>\n<li>Si su IE no tiene kits de rob\u00f3tica deber\u00e1 comprometerse a gestionar el pr\u00e9stamo del kit de rob\u00f3tica educativa en una IE cercana para poder desarrollar las tareas del curso.<\/li>\n<li>Estar inscrito en Per\u00faEduca y tener activa la cuenta de correo de su perfil.<\/li>\n<li>Comprometerse a ingresar al aula virtual al menos cada 2 semanas para rendir evaluaciones o recibir informaci\u00f3n del curso.<\/li>\n<\/ul>\n<h1><strong>Proceso de inscripci\u00f3n<\/strong><\/h1>\n<p>Para inscribirse deber\u00e1 llenar el formulario en l\u00ednea (es necesario estar conectado a Internet y utilizar una cuenta de correo de Gmail). Uno de los datos m\u00e1s importantes es su DNI, aseg\u00farese que lo ingresa correctamente.<\/p>\n<p>Luego que cierre el proceso de inscripci\u00f3n, se verificar\u00e1 que los inscritos cumplan con los requisitos solicitados en el curso y se publicar\u00e1 la lista de los participantes admitidos. Se proceder\u00e1 a matricular en el curso a los admitidos quienes tendr\u00e1n acceso al aula virtual y recibir\u00e1n toda la informaci\u00f3n a trav\u00e9s de la cuenta de correo electr\u00f3nico que figura en su perfil en Per\u00faEduca.<\/p>\n<p><a href=\"https:\/\/goo.gl\/forms\/oc8EDeWSEZGMieKY2\" target=\"_blank\" rel=\"noopener\"><img decoding=\"async\" src=\"http:\/\/www.perueduca.pe\/documents\/10179\/222502660\/Boton_Pre_Inscripcion?t=1500050428193\" alt=\"\" \/><\/a><\/p>\n<p><iframe loading=\"lazy\" src=\"https:\/\/www.youtube.com\/embed\/llX0uDEBrCU\" width=\"640\" height=\"360\" frameborder=\"0\" allowfullscreen=\"allowfullscreen\" data-mce-fragment=\"1\"><\/iframe><\/p>\n<p><strong>Consultas<\/strong><\/p>\n<p>Si necesitas ayuda sobre el funcionamiento de Per\u00faEduca dir\u00edgete aqu\u00ed:<a href=\"http:\/\/www.perueduca.pe\/ayuda\/\" target=\"_blank\" rel=\"noopener\">http:\/\/www.perueduca.pe\/ayuda\/<\/a>\u00a0o llama gratuitamente al n\u00famero: 0800-40210.<\/p>\n<p>Ante cualquier informaci\u00f3n o consulta sobre el curso, dir\u00edgete a:\u00a0<a href=\"mailto:diservirtual@perueduca.pe\">diservirtual@perueduca.pe<\/a><\/p>\n","protected":false},"excerpt":{"rendered":"<p>La convocatoria para este curso virtual estar\u00e1 abierta hasta alcanzar las 2000 vacantes consideradas para esta edici\u00f3n del curso, dirigida a\u00a0\u00a0docentes, acompa\u00f1antes y especialistas pedag\u00f3gicos regionales de primaria multigrado. En esta segunda edici\u00f3n del\u00a0curso virtual a distancia\u00a0Rob\u00f3tica Educativa para primaria multigrado\u00a0este a\u00f1o 2017 se espera contar con la participaci\u00f3n activa de los docentes, acompa\u00f1antes pedag\u00f3gicos [&hellip;]<\/p>\n","protected":false},"author":1,"featured_media":0,"comment_status":"open","ping_status":"open","sticky":false,"template":"","format":"standard","meta":{"footnotes":""},"categories":[],"tags":[],"class_list":["post-412","post","type-post","status-publish","format-standard","hentry"],"_links":{"self":[{"href":"https:\/\/ugelchucuito.edu.pe\/portal\/wp-json\/wp\/v2\/posts\/412","targetHints":{"allow":["GET"]}}],"collection":[{"href":"https:\/\/ugelchucuito.edu.pe\/portal\/wp-json\/wp\/v2\/posts"}],"about":[{"href":"https:\/\/ugelchucuito.edu.pe\/portal\/wp-json\/wp\/v2\/types\/post"}],"author":[{"embeddable":true,"href":"https:\/\/ugelchucuito.edu.pe\/portal\/wp-json\/wp\/v2\/users\/1"}],"replies":[{"embeddable":true,"href":"https:\/\/ugelchucuito.edu.pe\/portal\/wp-json\/wp\/v2\/comments?post=412"}],"version-history":[{"count":1,"href":"https:\/\/ugelchucuito.edu.pe\/portal\/wp-json\/wp\/v2\/posts\/412\/revisions"}],"predecessor-version":[{"id":414,"href":"https:\/\/ugelchucuito.edu.pe\/portal\/wp-json\/wp\/v2\/posts\/412\/revisions\/414"}],"wp:attachment":[{"href":"https:\/\/ugelchucuito.edu.pe\/portal\/wp-json\/wp\/v2\/media?parent=412"}],"wp:term":[{"taxonomy":"category","embeddable":true,"href":"https:\/\/ugelchucuito.edu.pe\/portal\/wp-json\/wp\/v2\/categories?post=412"},{"taxonomy":"post_tag","embeddable":true,"href":"https:\/\/ugelchucuito.edu.pe\/portal\/wp-json\/wp\/v2\/tags?post=412"}],"curies":[{"name":"wp","href":"https:\/\/api.w.org\/{rel}","templated":true}]}}