{"id":4264,"date":"2018-10-16T14:37:15","date_gmt":"2018-10-16T19:37:15","guid":{"rendered":"http:\/\/ugelchucuito.edu.pe\/portal\/?p=4264"},"modified":"2018-10-18T09:56:04","modified_gmt":"2018-10-18T14:56:04","slug":"comunicado-especialistas-comunicacion-y-matematica-curso-virtual-drep","status":"publish","type":"post","link":"https:\/\/ugelchucuito.edu.pe\/portal\/2018\/10\/16\/comunicado-especialistas-comunicacion-y-matematica-curso-virtual-drep\/","title":{"rendered":"COMUNICADO DEL ESPECIALISTA DE COMUNICACI\u00d3N Y MATEM\u00c1TICA &#8211; CURSO VIRTUAL DREP"},"content":{"rendered":"<p>Para el curso virtual \u00abFORTALECIMIENTO DE CAPACIDADES EN ENFOQUE DEL \u00c1REA, PROCESOS PEDAG\u00d3GICOS Y DID\u00c1CTICOS\u00bb, los docentes que deseen participar de las siguientes \u00e1reas:<\/p>\n<p><span style=\"color: #ffffff;\">.<\/span><\/p>\n<ul>\n<li><strong>Comunicaci\u00f3n (30 vacantes)<\/strong><\/li>\n<li><strong>Ingles (30 vacantes)<\/strong><\/li>\n<li><strong>Formaci\u00f3n Ciudadana y C\u00edvica (30 vacantes)<\/strong><\/li>\n<li><strong>Historia, Geograf\u00eda y Econom\u00eda (30 vacantes)<\/strong><\/li>\n<li><strong>Matem\u00e1tica (30 vacantes)<\/strong><\/li>\n<li><strong>Ciencia Tecnolog\u00eda y Ambiente (30 vacantes)<\/strong><\/li>\n<\/ul>\n<p style=\"text-align: center;\"><span style=\"color: #ff0000;\"><strong>Pre Inscribirse en el siguiente enlace:<\/strong><\/span><\/p>\n<p style=\"text-align: center;\"><span style=\"color: #ffffff;\">.<\/span><\/p>\n<h1 style=\"text-align: center;\"><strong>VACANTES CUBIERTAS<\/strong><\/h1>\n<p style=\"text-align: center;\"><span style=\"color: #ffffff;\">.<\/span><\/p>\n<h2 style=\"text-align: center;\"><strong><span style=\"color: #ff0000;\">NOTA: <\/span><\/strong><span style=\"color: #ff0000;\">Se considerar\u00e1 s\u00f3lo los 30 primeros inscritos por \u00e1rea al ser vacantes limitadas.<\/span><\/h2>\n<p><span style=\"color: #ffffff;\">.<\/span><\/p>\n<p style=\"text-align: right;\">ESPECIALISTA DE COMUNICACI\u00d3N Y MATEM\u00c1TICA<\/p>\n","protected":false},"excerpt":{"rendered":"<p>Para el curso virtual \u00abFORTALECIMIENTO DE CAPACIDADES EN ENFOQUE DEL \u00c1REA, PROCESOS PEDAG\u00d3GICOS Y DID\u00c1CTICOS\u00bb, los docentes que deseen participar de las siguientes \u00e1reas: . Comunicaci\u00f3n (30 vacantes) Ingles (30 vacantes) Formaci\u00f3n Ciudadana y C\u00edvica (30 vacantes) Historia, Geograf\u00eda y Econom\u00eda (30 vacantes) Matem\u00e1tica (30 vacantes) Ciencia Tecnolog\u00eda y Ambiente (30 vacantes) Pre Inscribirse en [&hellip;]<\/p>\n","protected":false},"author":1,"featured_media":0,"comment_status":"open","ping_status":"open","sticky":false,"template":"","format":"standard","meta":{"footnotes":""},"categories":[],"tags":[],"class_list":["post-4264","post","type-post","status-publish","format-standard","hentry"],"_links":{"self":[{"href":"https:\/\/ugelchucuito.edu.pe\/portal\/wp-json\/wp\/v2\/posts\/4264","targetHints":{"allow":["GET"]}}],"collection":[{"href":"https:\/\/ugelchucuito.edu.pe\/portal\/wp-json\/wp\/v2\/posts"}],"about":[{"href":"https:\/\/ugelchucuito.edu.pe\/portal\/wp-json\/wp\/v2\/types\/post"}],"author":[{"embeddable":true,"href":"https:\/\/ugelchucuito.edu.pe\/portal\/wp-json\/wp\/v2\/users\/1"}],"replies":[{"embeddable":true,"href":"https:\/\/ugelchucuito.edu.pe\/portal\/wp-json\/wp\/v2\/comments?post=4264"}],"version-history":[{"count":9,"href":"https:\/\/ugelchucuito.edu.pe\/portal\/wp-json\/wp\/v2\/posts\/4264\/revisions"}],"predecessor-version":[{"id":4311,"href":"https:\/\/ugelchucuito.edu.pe\/portal\/wp-json\/wp\/v2\/posts\/4264\/revisions\/4311"}],"wp:attachment":[{"href":"https:\/\/ugelchucuito.edu.pe\/portal\/wp-json\/wp\/v2\/media?parent=4264"}],"wp:term":[{"taxonomy":"category","embeddable":true,"href":"https:\/\/ugelchucuito.edu.pe\/portal\/wp-json\/wp\/v2\/categories?post=4264"},{"taxonomy":"post_tag","embeddable":true,"href":"https:\/\/ugelchucuito.edu.pe\/portal\/wp-json\/wp\/v2\/tags?post=4264"}],"curies":[{"name":"wp","href":"https:\/\/api.w.org\/{rel}","templated":true}]}}