{"id":4396,"date":"2018-10-24T12:46:01","date_gmt":"2018-10-24T17:46:01","guid":{"rendered":"http:\/\/ugelchucuito.edu.pe\/portal\/?p=4396"},"modified":"2018-10-24T12:46:01","modified_gmt":"2018-10-24T17:46:01","slug":"xvi-aniversario-ugel-chucuito-juli","status":"publish","type":"post","link":"https:\/\/ugelchucuito.edu.pe\/portal\/2018\/10\/24\/xvi-aniversario-ugel-chucuito-juli\/","title":{"rendered":"XVI ANIVERSARIO UGEL CHUCUITO JULI"},"content":{"rendered":"<p style=\"text-align: center\"><strong><u>16 A\u00d1OS\u00a0\u00a0\u00a0 DE CREACI\u00d3N\u00a0 CONMEMORO\u00a0 LA UNIDAD DE GESTI\u00d3N EDUCATIVA LOCAL CHUCUITO JULI<\/u><\/strong><\/p>\n<p>El pasado 22 de octubre La Unidad De Gesti\u00f3n Educativa Local Chucuito Juli cumple\u00a0 16 a\u00f1os de su creaci\u00f3n\u00a0 la cual fue\u00a0 emitida en el a\u00f1o 2002 con resoluci\u00f3n N\u00b0 203-2002-ED, a lo largo de estos a\u00f1os\u00a0 han pasado muchos directores\u00a0 y autoridades en la actualidad la Directora Nelly ZABALA BANEGAS, es quien est\u00e1 a cargo de dirigir dicha instituci\u00f3n, los jefes de\u00a0 las diferentes \u00e1reas quienes acompa\u00f1an esta gesti\u00f3n son : jefa de Gesti\u00f3n Pedag\u00f3gica Alina GOMEZ CHARAJA,\u00a0 Gesti\u00f3n Institucional Octavio ARONI ACERO, \u00c1rea Administrativa\u00a0 Pedro \u00c1ngel FLORES APAZA, , Asesor\u00eda Jur\u00eddica Luis Efra\u00edn CACERES LINO, Jefe de Personal Martin CHURATA CANDRO, \u00a0as\u00ed mismo se cuenta con los programas de PREVAED, ASPIS, quienes tambi\u00e9n impulsan\u00a0 el trabajo de esta instituci\u00f3n.<\/p>\n<p>Cabe mencionar que la atenci\u00f3n\u00a0 de la UGEL Chucuito Juli es en favor de m\u00e1s de 18 mil estudiantes en los 3 niveles\u00a0 (inicial, primaria y secundaria) y en el presente a\u00f1o se han obtenido los siguientes logros: el premio obtenido en el concurso de buenas pr\u00e1cticas\u00a0 de gesti\u00f3n educativa promovido por el MINEDU, en el cual se particip\u00f3 con la implementaci\u00f3n\u00a0 del programa integrado para la mejora de los aprendizajes en los estudiantes\u00a0 de las IIEE de la Provincia De Chucuito Juli. As\u00ed mismo se firm\u00f3 el convenio marco\u00a0 de cooperaci\u00f3n t\u00e9cnica interinstitucional entre la UGEL Chucuito Juli y la red de salud, que beneficiaran a m\u00e1s de 18 mil estudiantes, adem\u00e1s se logr\u00f3 importantes acuerdos con FONDEP, y se reconoci\u00f3 la labor de las docentes en los proyectos: El tema del agua\u00a0 para desarrollar actividades creativas en el logro de aprendizajes y la eco eficiencia de la IEP. N\u00b070275 y Aprendiendo mejor mediante la etnomatematica l\u00fadica\u00a0 de la IEP.N\u00b071003.<\/p>\n<p>Las actividades realizadas por el aniversario fueron: el izamiento del pabell\u00f3n nacional y desfile\u00a0 el pasado 21 de octubre\u00a0 con la presencia de todo el personal que conforma la UGEL CHUCUITO JULI, la misa por el bienestar de la instituci\u00f3n y de sus trabajadores se realiz\u00f3 el 22 de octubre\u00a0 y tambi\u00e9n se\u00a0 realiz\u00f3 una condecoraci\u00f3n a cada trabajador por el esfuerzo\u00a0 y dedicaci\u00f3n que pone a su labor en\u00a0 beneficio de la educaci\u00f3n\u00a0\u00a0 de esta provincia<\/p>\n<p>&nbsp;<\/p>\n<p><img loading=\"lazy\" decoding=\"async\" class=\"alignnone size-medium wp-image-4400\" src=\"http:\/\/ugelchucuito.edu.pe\/portal\/wp-content\/uploads\/2018\/10\/IMG_1225-300x169.jpg\" alt=\"\" width=\"300\" height=\"169\" \/> <img loading=\"lazy\" decoding=\"async\" class=\"alignnone size-medium wp-image-4401\" src=\"http:\/\/ugelchucuito.edu.pe\/portal\/wp-content\/uploads\/2018\/10\/IMG_1232-300x169.jpg\" alt=\"\" width=\"300\" height=\"169\" \/> <img loading=\"lazy\" decoding=\"async\" class=\"alignnone size-medium wp-image-4399\" src=\"http:\/\/ugelchucuito.edu.pe\/portal\/wp-content\/uploads\/2018\/10\/IMG_1200-300x169.jpg\" alt=\"\" width=\"300\" height=\"169\" \/> <img loading=\"lazy\" decoding=\"async\" class=\"alignnone size-medium wp-image-4397\" src=\"http:\/\/ugelchucuito.edu.pe\/portal\/wp-content\/uploads\/2018\/10\/IMG_1157-300x169.jpg\" alt=\"\" width=\"300\" height=\"169\" \/> <img loading=\"lazy\" decoding=\"async\" class=\"alignnone size-medium wp-image-4398\" src=\"http:\/\/ugelchucuito.edu.pe\/portal\/wp-content\/uploads\/2018\/10\/IMG_1196-300x169.jpg\" alt=\"\" width=\"300\" height=\"169\" \/><\/p>\n","protected":false},"excerpt":{"rendered":"<p>16 A\u00d1OS\u00a0\u00a0\u00a0 DE CREACI\u00d3N\u00a0 CONMEMORO\u00a0 LA UNIDAD DE GESTI\u00d3N EDUCATIVA LOCAL CHUCUITO JULI El pasado 22 de octubre La Unidad De Gesti\u00f3n Educativa Local Chucuito Juli cumple\u00a0 16 a\u00f1os de su creaci\u00f3n\u00a0 la cual fue\u00a0 emitida en el a\u00f1o 2002 con resoluci\u00f3n N\u00b0 203-2002-ED, a lo largo de estos a\u00f1os\u00a0 han pasado muchos directores\u00a0 y [&hellip;]<\/p>\n","protected":false},"author":1,"featured_media":0,"comment_status":"open","ping_status":"open","sticky":false,"template":"","format":"standard","meta":{"footnotes":""},"categories":[],"tags":[],"class_list":["post-4396","post","type-post","status-publish","format-standard","hentry"],"_links":{"self":[{"href":"https:\/\/ugelchucuito.edu.pe\/portal\/wp-json\/wp\/v2\/posts\/4396","targetHints":{"allow":["GET"]}}],"collection":[{"href":"https:\/\/ugelchucuito.edu.pe\/portal\/wp-json\/wp\/v2\/posts"}],"about":[{"href":"https:\/\/ugelchucuito.edu.pe\/portal\/wp-json\/wp\/v2\/types\/post"}],"author":[{"embeddable":true,"href":"https:\/\/ugelchucuito.edu.pe\/portal\/wp-json\/wp\/v2\/users\/1"}],"replies":[{"embeddable":true,"href":"https:\/\/ugelchucuito.edu.pe\/portal\/wp-json\/wp\/v2\/comments?post=4396"}],"version-history":[{"count":1,"href":"https:\/\/ugelchucuito.edu.pe\/portal\/wp-json\/wp\/v2\/posts\/4396\/revisions"}],"predecessor-version":[{"id":4402,"href":"https:\/\/ugelchucuito.edu.pe\/portal\/wp-json\/wp\/v2\/posts\/4396\/revisions\/4402"}],"wp:attachment":[{"href":"https:\/\/ugelchucuito.edu.pe\/portal\/wp-json\/wp\/v2\/media?parent=4396"}],"wp:term":[{"taxonomy":"category","embeddable":true,"href":"https:\/\/ugelchucuito.edu.pe\/portal\/wp-json\/wp\/v2\/categories?post=4396"},{"taxonomy":"post_tag","embeddable":true,"href":"https:\/\/ugelchucuito.edu.pe\/portal\/wp-json\/wp\/v2\/tags?post=4396"}],"curies":[{"name":"wp","href":"https:\/\/api.w.org\/{rel}","templated":true}]}}