{"id":4627,"date":"2018-11-12T09:29:35","date_gmt":"2018-11-12T14:29:35","guid":{"rendered":"http:\/\/ugelchucuito.edu.pe\/portal\/?p=4627"},"modified":"2018-11-12T09:34:35","modified_gmt":"2018-11-12T14:34:35","slug":"reasume-funciones-el-director-de-la-ugel-chucuito-juli","status":"publish","type":"post","link":"https:\/\/ugelchucuito.edu.pe\/portal\/2018\/11\/12\/reasume-funciones-el-director-de-la-ugel-chucuito-juli\/","title":{"rendered":"DISTRIBUCI\u00d3N DE MATERIAL DEPORTIVO"},"content":{"rendered":"<p>DISTRIBUCI\u00d3N DE MATERIAL DEPORTIVO\u00a0 A LAS IIEE. DE NIVEL PRIMARIA DEL 2018 FOCAL IZADAS<\/p>\n<p>En las instalaciones de la unidad de gesti\u00f3n educativa local Chucuito Juli, se realiz\u00f3 la distribuci\u00f3n de los kit de material deportivo a las instituciones educativas focalizadas en dicho acto el Director de la UGEl Chucuito Juli Jos\u00e9 Gabriel Vizcarra Fajardo en su discurso revaloro la importancia de la educaci\u00f3n f\u00edsica y que al desarrollo motriz podemos tener tambi\u00e9n el desarrollo perso<span class=\"text_exposed_show\">nal y eso logra un mejor desempe\u00f1o.<br \/>\nEn esta oportunidad fueron 26 instituciones educativas beneficiadas con: pelotas, colchonetas, juegos de ajedrez, aros, conos y bastones. Acompa\u00f1aron a esta entrega el especialista de deporte y cultura prof. Miguel Guillermo Morales Macedo y el jefe del \u00c1rea Administrativa Pedro \u00c1ngel Flores Apaza adem\u00e1s de los directores de las instituciones educativas.<br \/>\nEsta entrega refleja el esfuerzo por brindar un soporte a la educaci\u00f3n f\u00edsica en la provincia de Chucuito Juli.<\/span><\/p>\n<p><img loading=\"lazy\" decoding=\"async\" class=\"alignnone size-medium wp-image-4631\" src=\"http:\/\/ugelchucuito.edu.pe\/portal\/wp-content\/uploads\/2018\/11\/IMG_2181-300x169.jpg\" alt=\"\" width=\"300\" height=\"169\" \/> <img loading=\"lazy\" decoding=\"async\" class=\"alignnone size-medium wp-image-4632\" src=\"http:\/\/ugelchucuito.edu.pe\/portal\/wp-content\/uploads\/2018\/11\/IMG_2190-300x169.jpg\" alt=\"\" width=\"300\" height=\"169\" \/> <img loading=\"lazy\" decoding=\"async\" class=\"alignnone size-medium wp-image-4633\" src=\"http:\/\/ugelchucuito.edu.pe\/portal\/wp-content\/uploads\/2018\/11\/IMG_2206-300x169.jpg\" alt=\"\" width=\"300\" height=\"169\" \/><\/p>\n","protected":false},"excerpt":{"rendered":"<p>DISTRIBUCI\u00d3N DE MATERIAL DEPORTIVO\u00a0 A LAS IIEE. DE NIVEL PRIMARIA DEL 2018 FOCAL IZADAS En las instalaciones de la unidad de gesti\u00f3n educativa local Chucuito Juli, se realiz\u00f3 la distribuci\u00f3n de los kit de material deportivo a las instituciones educativas focalizadas en dicho acto el Director de la UGEl Chucuito Juli Jos\u00e9 Gabriel Vizcarra Fajardo [&hellip;]<\/p>\n","protected":false},"author":1,"featured_media":0,"comment_status":"open","ping_status":"open","sticky":false,"template":"","format":"standard","meta":{"footnotes":""},"categories":[],"tags":[],"class_list":["post-4627","post","type-post","status-publish","format-standard","hentry"],"_links":{"self":[{"href":"https:\/\/ugelchucuito.edu.pe\/portal\/wp-json\/wp\/v2\/posts\/4627","targetHints":{"allow":["GET"]}}],"collection":[{"href":"https:\/\/ugelchucuito.edu.pe\/portal\/wp-json\/wp\/v2\/posts"}],"about":[{"href":"https:\/\/ugelchucuito.edu.pe\/portal\/wp-json\/wp\/v2\/types\/post"}],"author":[{"embeddable":true,"href":"https:\/\/ugelchucuito.edu.pe\/portal\/wp-json\/wp\/v2\/users\/1"}],"replies":[{"embeddable":true,"href":"https:\/\/ugelchucuito.edu.pe\/portal\/wp-json\/wp\/v2\/comments?post=4627"}],"version-history":[{"count":3,"href":"https:\/\/ugelchucuito.edu.pe\/portal\/wp-json\/wp\/v2\/posts\/4627\/revisions"}],"predecessor-version":[{"id":4635,"href":"https:\/\/ugelchucuito.edu.pe\/portal\/wp-json\/wp\/v2\/posts\/4627\/revisions\/4635"}],"wp:attachment":[{"href":"https:\/\/ugelchucuito.edu.pe\/portal\/wp-json\/wp\/v2\/media?parent=4627"}],"wp:term":[{"taxonomy":"category","embeddable":true,"href":"https:\/\/ugelchucuito.edu.pe\/portal\/wp-json\/wp\/v2\/categories?post=4627"},{"taxonomy":"post_tag","embeddable":true,"href":"https:\/\/ugelchucuito.edu.pe\/portal\/wp-json\/wp\/v2\/tags?post=4627"}],"curies":[{"name":"wp","href":"https:\/\/api.w.org\/{rel}","templated":true}]}}