{"id":467,"date":"2017-08-03T22:15:58","date_gmt":"2017-08-04T03:15:58","guid":{"rendered":"http:\/\/ugelchucuito.edu.pe\/portal\/?p=467"},"modified":"2017-09-13T06:16:57","modified_gmt":"2017-09-13T11:16:57","slug":"comunicado-etapa-de-induccion-para-directivos-designados-ano-2017","status":"publish","type":"post","link":"https:\/\/ugelchucuito.edu.pe\/portal\/2017\/08\/03\/comunicado-etapa-de-induccion-para-directivos-designados-ano-2017\/","title":{"rendered":"COMUNICADO: etapa de inducci\u00f3n para directivos\u00a0designados a\u00f1o 2017"},"content":{"rendered":"<p>Saludos,<\/p>\n<p>Estimados directivos\u00a0designados en este a\u00f1o 2017.<\/p>\n<p>El Director de la UGEL Chucuito Juli, en coordinaci\u00f3n con el \u00c1rea de Gesti\u00f3n Pedag\u00f3gica y la\u00a0Direcci\u00f3n General de Calidad de la Gesti\u00f3n Escolar (DIGC), a trav\u00e9s de la Direcci\u00f3n de Fortalecimiento de la Gesti\u00f3n Escolar (DIF),\u00a0<b>comunica<\/b>\u00a0a los\u00a0directivos\u00a0designados en el\u00a02017, de las instituciones educativas de los niveles inicial, primaria y secundaria, del \u00e1mbito de la UGEL,\u00a0el inicio de la<b>\u00a0etapa de inducci\u00f3n para directivos designados 2017<\/b><span style=\"color: #333333;font-family: 'Helvetica Neue', Helvetica, Arial, sans-serif\">, el mismo que\u00a0<\/span><span style=\"color: #333333;font-family: 'Helvetica Neue', Helvetica, Arial, sans-serif\">iniciara el 07 de agosto del presente a\u00f1o, en\u00a0<u>forma virtual en la\u00a0P\u00e1gina de Per\u00fa Educa<\/u>; por lo que todos los participantes deber\u00e1n ingresar a partir de la fecha mencionada\u00a0en dicha p\u00e1gina. As\u00ed mismo se les comunica que\u00a0los\u00a0<u>Seminarios Presenciales\u00a0<\/u>se llevar\u00e1 a cabo\u00a0los d\u00edas\u00a0<\/span>01 de setiembre y 13\u00a0de octubre, en el horario y lugar que se les estar\u00e1 comunicando oportunamente.<\/p>\n<p>Atte,<\/p>\n<p>AGP &#8211; UGEL CHUCUITO<\/p>\n","protected":false},"excerpt":{"rendered":"<p>Saludos, Estimados directivos\u00a0designados en este a\u00f1o 2017. El Director de la UGEL Chucuito Juli, en coordinaci\u00f3n con el \u00c1rea de Gesti\u00f3n Pedag\u00f3gica y la\u00a0Direcci\u00f3n General de Calidad de la Gesti\u00f3n Escolar (DIGC), a trav\u00e9s de la Direcci\u00f3n de Fortalecimiento de la Gesti\u00f3n Escolar (DIF),\u00a0comunica\u00a0a los\u00a0directivos\u00a0designados en el\u00a02017, de las instituciones educativas de los niveles inicial, [&hellip;]<\/p>\n","protected":false},"author":2,"featured_media":0,"comment_status":"open","ping_status":"open","sticky":false,"template":"","format":"standard","meta":{"footnotes":""},"categories":[],"tags":[],"class_list":["post-467","post","type-post","status-publish","format-standard","hentry"],"_links":{"self":[{"href":"https:\/\/ugelchucuito.edu.pe\/portal\/wp-json\/wp\/v2\/posts\/467","targetHints":{"allow":["GET"]}}],"collection":[{"href":"https:\/\/ugelchucuito.edu.pe\/portal\/wp-json\/wp\/v2\/posts"}],"about":[{"href":"https:\/\/ugelchucuito.edu.pe\/portal\/wp-json\/wp\/v2\/types\/post"}],"author":[{"embeddable":true,"href":"https:\/\/ugelchucuito.edu.pe\/portal\/wp-json\/wp\/v2\/users\/2"}],"replies":[{"embeddable":true,"href":"https:\/\/ugelchucuito.edu.pe\/portal\/wp-json\/wp\/v2\/comments?post=467"}],"version-history":[{"count":2,"href":"https:\/\/ugelchucuito.edu.pe\/portal\/wp-json\/wp\/v2\/posts\/467\/revisions"}],"predecessor-version":[{"id":700,"href":"https:\/\/ugelchucuito.edu.pe\/portal\/wp-json\/wp\/v2\/posts\/467\/revisions\/700"}],"wp:attachment":[{"href":"https:\/\/ugelchucuito.edu.pe\/portal\/wp-json\/wp\/v2\/media?parent=467"}],"wp:term":[{"taxonomy":"category","embeddable":true,"href":"https:\/\/ugelchucuito.edu.pe\/portal\/wp-json\/wp\/v2\/categories?post=467"},{"taxonomy":"post_tag","embeddable":true,"href":"https:\/\/ugelchucuito.edu.pe\/portal\/wp-json\/wp\/v2\/tags?post=467"}],"curies":[{"name":"wp","href":"https:\/\/api.w.org\/{rel}","templated":true}]}}