{"id":4700,"date":"2018-11-15T13:46:39","date_gmt":"2018-11-15T18:46:39","guid":{"rendered":"http:\/\/ugelchucuito.edu.pe\/portal\/?p=4700"},"modified":"2018-11-15T13:46:39","modified_gmt":"2018-11-15T18:46:39","slug":"taller-descentralizado-de-educacion-seguridad-y-defensa-nacional","status":"publish","type":"post","link":"https:\/\/ugelchucuito.edu.pe\/portal\/2018\/11\/15\/taller-descentralizado-de-educacion-seguridad-y-defensa-nacional\/","title":{"rendered":"TALLER DESCENTRALIZADO DE EDUCACI\u00d3N, SEGURIDAD Y DEFENSA NACIONAL"},"content":{"rendered":"<h2><u>PREVAED REALIZA CON GRAN \u00c9XITO EL TALLER DESCENTRALIZADO DE EDUCACI\u00d3N, SEGURIDAD Y DEFENSA NACIONAL EN EL \u00c1MBITO DE LA UGEL CHUCUITO JULI<\/u><\/h2>\n<h2><\/h2>\n<p>La Unidad de Gesti\u00f3n Educativa Local Chucuito Juli, mediante el programa PREVAED, desarrollan el Taller descentralizado de Educaci\u00f3n Seguridad Y Defensa Nacional el cual convoca a 55 directores y docentes de las instituciones focalizadas del programa\u00a0 Reducci\u00f3n de Vulnerabilidad y Atenci\u00f3n de Emergencias por Desastres (PREVAED), de la provincia.<\/p>\n<p>Dicha actividad est\u00e1 orientado a conseguir resultados vinculados a la reducci\u00f3n de la vulnerabilidad de la poblaci\u00f3n y sus medios de vida ante la ocurrencia de amenazas naturales tales como: El Fen\u00f3meno El Ni\u00f1o, lluvias intensas, heladas y sismos,\u00a0 as\u00ed mismo comprende un conjunto de intervenciones articuladas entre la Agencia Agraria, Municipalidad Provincial, Polic\u00eda Nacional del Per\u00fa UGEL, INDECI Y Las Instituciones Educativas.<\/p>\n<p>Se cont\u00f3 con la participaci\u00f3n de \u00a0MINEDU &#8211; ODENAGED \u00a0con los ponentes Ing. C\u00e9sar Chomba Y la Dra. Indira \u00c1lvarez Asencio, la inauguraci\u00f3n estuvo a cargo del Director de la UGEL Chucuito Juli Mg Jos\u00e9 Gabriel Vizcarra Fajardo quien en su discurso manifest\u00f3: \u201cEl Amor a la patria se demuestra trabajando con una misi\u00f3n m\u00faltiple como promotores, culturales deportivos, sociales, esa responsabilidad tan grande\u00a0 tiene que ser potenciada para hacer el trabajo en mejores condiciones y lograr las metas correspondientes\u201d.<\/p>\n<p>El Taller descentralizado de Educaci\u00f3n, Seguridad Y Defensa Nacional se realizar\u00e1 los d\u00edas 15 y 16 de noviembre en el sal\u00f3n consistorial de la Municipalidad Provincial de Chucuito \u2013 Juli, con la participaci\u00f3n de las instituciones inmersas en la educaci\u00f3n, seguridad y \u00a0defensa nacional.<\/p>\n<p>Cabe mencionar que paralelamente se desarroll\u00f3 la mesa tem\u00e1tica de Educaci\u00f3n seguridad y defensa Nacional con las autoridades\u00a0 de la Provincia de Chucuito Juli.<\/p>\n<p><img loading=\"lazy\" decoding=\"async\" class=\"alignnone size-medium wp-image-4701\" src=\"http:\/\/ugelchucuito.edu.pe\/portal\/wp-content\/uploads\/2018\/11\/IMG_2587-300x169.jpg\" alt=\"\" width=\"300\" height=\"169\" \/> <img loading=\"lazy\" decoding=\"async\" class=\"alignnone size-medium wp-image-4702\" src=\"http:\/\/ugelchucuito.edu.pe\/portal\/wp-content\/uploads\/2018\/11\/IMG_2602-300x169.jpg\" alt=\"\" width=\"300\" height=\"169\" \/><\/p>\n","protected":false},"excerpt":{"rendered":"<p>PREVAED REALIZA CON GRAN \u00c9XITO EL TALLER DESCENTRALIZADO DE EDUCACI\u00d3N, SEGURIDAD Y DEFENSA NACIONAL EN EL \u00c1MBITO DE LA UGEL CHUCUITO JULI La Unidad de Gesti\u00f3n Educativa Local Chucuito Juli, mediante el programa PREVAED, desarrollan el Taller descentralizado de Educaci\u00f3n Seguridad Y Defensa Nacional el cual convoca a 55 directores y docentes de las instituciones [&hellip;]<\/p>\n","protected":false},"author":1,"featured_media":0,"comment_status":"open","ping_status":"open","sticky":false,"template":"","format":"standard","meta":{"footnotes":""},"categories":[],"tags":[],"class_list":["post-4700","post","type-post","status-publish","format-standard","hentry"],"_links":{"self":[{"href":"https:\/\/ugelchucuito.edu.pe\/portal\/wp-json\/wp\/v2\/posts\/4700","targetHints":{"allow":["GET"]}}],"collection":[{"href":"https:\/\/ugelchucuito.edu.pe\/portal\/wp-json\/wp\/v2\/posts"}],"about":[{"href":"https:\/\/ugelchucuito.edu.pe\/portal\/wp-json\/wp\/v2\/types\/post"}],"author":[{"embeddable":true,"href":"https:\/\/ugelchucuito.edu.pe\/portal\/wp-json\/wp\/v2\/users\/1"}],"replies":[{"embeddable":true,"href":"https:\/\/ugelchucuito.edu.pe\/portal\/wp-json\/wp\/v2\/comments?post=4700"}],"version-history":[{"count":1,"href":"https:\/\/ugelchucuito.edu.pe\/portal\/wp-json\/wp\/v2\/posts\/4700\/revisions"}],"predecessor-version":[{"id":4703,"href":"https:\/\/ugelchucuito.edu.pe\/portal\/wp-json\/wp\/v2\/posts\/4700\/revisions\/4703"}],"wp:attachment":[{"href":"https:\/\/ugelchucuito.edu.pe\/portal\/wp-json\/wp\/v2\/media?parent=4700"}],"wp:term":[{"taxonomy":"category","embeddable":true,"href":"https:\/\/ugelchucuito.edu.pe\/portal\/wp-json\/wp\/v2\/categories?post=4700"},{"taxonomy":"post_tag","embeddable":true,"href":"https:\/\/ugelchucuito.edu.pe\/portal\/wp-json\/wp\/v2\/tags?post=4700"}],"curies":[{"name":"wp","href":"https:\/\/api.w.org\/{rel}","templated":true}]}}