{"id":4748,"date":"2018-11-21T16:52:40","date_gmt":"2018-11-21T21:52:40","guid":{"rendered":"http:\/\/ugelchucuito.edu.pe\/portal\/?p=4748"},"modified":"2018-11-21T16:52:40","modified_gmt":"2018-11-21T21:52:40","slug":"4748-2","status":"publish","type":"post","link":"https:\/\/ugelchucuito.edu.pe\/portal\/2018\/11\/21\/4748-2\/","title":{"rendered":""},"content":{"rendered":"<p style=\"text-align: center\"><strong><u>MESA MULTISECTORIAL REALIZA ACTIVIDADES POR EL D\u00cdA INTERNACIONAL DE LA ELIMINACI\u00d3N DE LA VIOLENCIA CONTRA LA MUJER<\/u><\/strong><\/p>\n<p>&nbsp;<\/p>\n<p>La Mesa Multisectorial de la Provincia De Chucuito Juli, realiz\u00f3 la campa\u00f1a de sensibilizaci\u00f3n por recordar el D\u00eda Internacional de la Eliminaci\u00f3n de la Violencia contra la Mujer, representantes de distintas instituciones del Estado y sociedad civil organizada en conjunto, adem\u00e1s de diversas instituciones educativas de los 3 niveles, reafirmaron su compromiso, de afrontar la problem\u00e1tica de la violencia contra la mujer en el pa\u00eds y la provincia en particular.<\/p>\n<p>&nbsp;<\/p>\n<p>La marcha se inici\u00f3 a las 10 de la ma\u00f1ana el d\u00eda\u00a0 mi\u00e9rcoles 21 de noviembre, desde el coliseo cerrado de Juli, hasta llegar a la plaza principal; las diferentes instituciones y estudiantes portaron mensajes en contra de los tipos de violencia que se dan en nuestra sociedad como son: f\u00edsica, psicol\u00f3gica, econ\u00f3mica y verbal, despu\u00e9s de un desplazamiento por las principales arterias, se realiz\u00f3 el izamiento del pabell\u00f3n nacional y la bandera de Juli para luego cada representante emita un mensaje por\u00a0 el\u00a0 D\u00eda Internacional de la Eliminaci\u00f3n de la Violencia contra la Mujer.<\/p>\n<p>&nbsp;<\/p>\n<p>Cabe mencionar que todos los participantes portaban un lazo blanco en el pecho como se\u00f1al de paz, as\u00ed mismo se lanzaron globos blancos como compromiso de fortalecer la articulaci\u00f3n entre autoridades y poblaci\u00f3n adem\u00e1s de dar una respuesta adecuada y oportuna frente a esta problem\u00e1tica social.<\/p>\n<p>&nbsp;<\/p>\n<p>Por su parte el poder judicial mediante el juez de la sala mixta dio una charla a las autoridades presentes resaltando que en el presente a\u00f1o se han incrementado los casos de violencia en la provincia de Chucuito Juli, por su parte el presidente de la Mesa Multisectorial Mg. Jos\u00e9 Gabriel Vizcarra Fajardo en su mensaje de agradecimiento resalto que: <strong>\u201cLa Indiferencia tambi\u00e9n es violencia y que debemos comprometernos en la erradicaci\u00f3n de este perjudicial comportamiento\u201d.<\/strong><\/p>\n<p><img loading=\"lazy\" decoding=\"async\" class=\"alignnone size-medium wp-image-4749\" src=\"http:\/\/ugelchucuito.edu.pe\/portal\/wp-content\/uploads\/2018\/11\/IMG_2719-300x169.jpg\" alt=\"\" width=\"300\" height=\"169\" \/> <img loading=\"lazy\" decoding=\"async\" class=\"alignnone size-medium wp-image-4750\" src=\"http:\/\/ugelchucuito.edu.pe\/portal\/wp-content\/uploads\/2018\/11\/IMG_2731-300x169.jpg\" alt=\"\" width=\"300\" height=\"169\" \/> <img loading=\"lazy\" decoding=\"async\" class=\"alignnone size-medium wp-image-4751\" src=\"http:\/\/ugelchucuito.edu.pe\/portal\/wp-content\/uploads\/2018\/11\/IMG_2773-300x169.jpg\" alt=\"\" width=\"300\" height=\"169\" \/> <img loading=\"lazy\" decoding=\"async\" class=\"alignnone size-medium wp-image-4752\" src=\"http:\/\/ugelchucuito.edu.pe\/portal\/wp-content\/uploads\/2018\/11\/IMG_2887-300x169.jpg\" alt=\"\" width=\"300\" height=\"169\" \/><\/p>\n","protected":false},"excerpt":{"rendered":"<p>MESA MULTISECTORIAL REALIZA ACTIVIDADES POR EL D\u00cdA INTERNACIONAL DE LA ELIMINACI\u00d3N DE LA VIOLENCIA CONTRA LA MUJER &nbsp; La Mesa Multisectorial de la Provincia De Chucuito Juli, realiz\u00f3 la campa\u00f1a de sensibilizaci\u00f3n por recordar el D\u00eda Internacional de la Eliminaci\u00f3n de la Violencia contra la Mujer, representantes de distintas instituciones del Estado y sociedad civil [&hellip;]<\/p>\n","protected":false},"author":1,"featured_media":0,"comment_status":"open","ping_status":"open","sticky":false,"template":"","format":"standard","meta":{"footnotes":""},"categories":[],"tags":[],"class_list":["post-4748","post","type-post","status-publish","format-standard","hentry"],"_links":{"self":[{"href":"https:\/\/ugelchucuito.edu.pe\/portal\/wp-json\/wp\/v2\/posts\/4748","targetHints":{"allow":["GET"]}}],"collection":[{"href":"https:\/\/ugelchucuito.edu.pe\/portal\/wp-json\/wp\/v2\/posts"}],"about":[{"href":"https:\/\/ugelchucuito.edu.pe\/portal\/wp-json\/wp\/v2\/types\/post"}],"author":[{"embeddable":true,"href":"https:\/\/ugelchucuito.edu.pe\/portal\/wp-json\/wp\/v2\/users\/1"}],"replies":[{"embeddable":true,"href":"https:\/\/ugelchucuito.edu.pe\/portal\/wp-json\/wp\/v2\/comments?post=4748"}],"version-history":[{"count":1,"href":"https:\/\/ugelchucuito.edu.pe\/portal\/wp-json\/wp\/v2\/posts\/4748\/revisions"}],"predecessor-version":[{"id":4755,"href":"https:\/\/ugelchucuito.edu.pe\/portal\/wp-json\/wp\/v2\/posts\/4748\/revisions\/4755"}],"wp:attachment":[{"href":"https:\/\/ugelchucuito.edu.pe\/portal\/wp-json\/wp\/v2\/media?parent=4748"}],"wp:term":[{"taxonomy":"category","embeddable":true,"href":"https:\/\/ugelchucuito.edu.pe\/portal\/wp-json\/wp\/v2\/categories?post=4748"},{"taxonomy":"post_tag","embeddable":true,"href":"https:\/\/ugelchucuito.edu.pe\/portal\/wp-json\/wp\/v2\/tags?post=4748"}],"curies":[{"name":"wp","href":"https:\/\/api.w.org\/{rel}","templated":true}]}}