{"id":4765,"date":"2018-11-22T15:04:50","date_gmt":"2018-11-22T20:04:50","guid":{"rendered":"http:\/\/ugelchucuito.edu.pe\/portal\/?p=4765"},"modified":"2018-11-22T15:04:50","modified_gmt":"2018-11-22T20:04:50","slug":"iv-simulacro-nacional-escolar","status":"publish","type":"post","link":"https:\/\/ugelchucuito.edu.pe\/portal\/2018\/11\/22\/iv-simulacro-nacional-escolar\/","title":{"rendered":"IV SIMULACRO NACIONAL ESCOLAR"},"content":{"rendered":"<p style=\"text-align: center\"><strong>IV SIMULACRO NACIONAL ESCOLAR<\/strong><\/p>\n<p>El Director de la Unidad de Gesti\u00f3n Educativa Local Chucuito Juli, comunica a todos los directores (as) de las II.EE. del nivel Inicial, Primaria y Secundaria (EBR), Educaci\u00f3n B\u00e1sica Especial (EBE), Educaci\u00f3n B\u00e1sica Alternativa (EBA), CETPRO y Educaci\u00f3n Superior No Universitaria, que en el Marco de la Resoluci\u00f3n Ministerial N\u00b0657-2017 MINEDU, se ha programada para el d\u00eda Viernes 23 de noviembre 2018 la realizaci\u00f3n del IV SIMULACRO NACIONAL ESCOLAR, en horario de 10:00 a.m., 3:00 p.m. y 8:00 p.m., con la finalidad de fortalecer los procesos de Prevenci\u00f3n, Preparaci\u00f3n y Respuesta ante la ocurrencia de eventos adversos.<\/p>\n<p>Al finalizar el ejercicio de simulacro los directores (as) de las II.EE. de todos los niveles y modalidades deber\u00e1n reportar la ejecuci\u00f3n del mismo, utilizando el portal virtual de Per\u00fa Educa y\/o hacer llegar la ficha de evaluaci\u00f3n de Simulacro a la UGEL para as\u00ed poder hacer el reporte respectivo ante el Centro de Operaciones de Emergencia de la Direcci\u00f3n Regional de Educaci\u00f3n y del Ministerio de Educaci\u00f3n.<\/p>\n<p>&nbsp;<\/p>\n","protected":false},"excerpt":{"rendered":"<p>IV SIMULACRO NACIONAL ESCOLAR El Director de la Unidad de Gesti\u00f3n Educativa Local Chucuito Juli, comunica a todos los directores (as) de las II.EE. del nivel Inicial, Primaria y Secundaria (EBR), Educaci\u00f3n B\u00e1sica Especial (EBE), Educaci\u00f3n B\u00e1sica Alternativa (EBA), CETPRO y Educaci\u00f3n Superior No Universitaria, que en el Marco de la Resoluci\u00f3n Ministerial N\u00b0657-2017 MINEDU, [&hellip;]<\/p>\n","protected":false},"author":1,"featured_media":0,"comment_status":"open","ping_status":"open","sticky":false,"template":"","format":"standard","meta":{"footnotes":""},"categories":[],"tags":[],"class_list":["post-4765","post","type-post","status-publish","format-standard","hentry"],"_links":{"self":[{"href":"https:\/\/ugelchucuito.edu.pe\/portal\/wp-json\/wp\/v2\/posts\/4765","targetHints":{"allow":["GET"]}}],"collection":[{"href":"https:\/\/ugelchucuito.edu.pe\/portal\/wp-json\/wp\/v2\/posts"}],"about":[{"href":"https:\/\/ugelchucuito.edu.pe\/portal\/wp-json\/wp\/v2\/types\/post"}],"author":[{"embeddable":true,"href":"https:\/\/ugelchucuito.edu.pe\/portal\/wp-json\/wp\/v2\/users\/1"}],"replies":[{"embeddable":true,"href":"https:\/\/ugelchucuito.edu.pe\/portal\/wp-json\/wp\/v2\/comments?post=4765"}],"version-history":[{"count":1,"href":"https:\/\/ugelchucuito.edu.pe\/portal\/wp-json\/wp\/v2\/posts\/4765\/revisions"}],"predecessor-version":[{"id":4767,"href":"https:\/\/ugelchucuito.edu.pe\/portal\/wp-json\/wp\/v2\/posts\/4765\/revisions\/4767"}],"wp:attachment":[{"href":"https:\/\/ugelchucuito.edu.pe\/portal\/wp-json\/wp\/v2\/media?parent=4765"}],"wp:term":[{"taxonomy":"category","embeddable":true,"href":"https:\/\/ugelchucuito.edu.pe\/portal\/wp-json\/wp\/v2\/categories?post=4765"},{"taxonomy":"post_tag","embeddable":true,"href":"https:\/\/ugelchucuito.edu.pe\/portal\/wp-json\/wp\/v2\/tags?post=4765"}],"curies":[{"name":"wp","href":"https:\/\/api.w.org\/{rel}","templated":true}]}}