{"id":482,"date":"2017-08-07T18:48:51","date_gmt":"2017-08-07T23:48:51","guid":{"rendered":"http:\/\/ugelchucuito.edu.pe\/portal\/?p=482"},"modified":"2017-08-20T21:07:08","modified_gmt":"2017-08-21T02:07:08","slug":"comunicado-curso-taller-de-capacitacion-para-trabajadores-administrativos-de-la-unidad-de-gestion-educativa-local-chucuito-juli","status":"publish","type":"post","link":"https:\/\/ugelchucuito.edu.pe\/portal\/2017\/08\/07\/comunicado-curso-taller-de-capacitacion-para-trabajadores-administrativos-de-la-unidad-de-gestion-educativa-local-chucuito-juli\/","title":{"rendered":"COMUNICADO &#8211; CURSO TALLER DE CAPACITACI\u00d3N PARA TRABAJADORES ADMINISTRATIVOS DE LA UNIDAD DE GESTI\u00d3N EDUCATIVA LOCAL CHUCUITO &#8211; JULI"},"content":{"rendered":"<p><span style=\"font-family: arial, helvetica, sans-serif;font-size: 20px;color: #000000\"><strong>La Unidad de Gesti\u00f3n Educativa Local Chucuito Juli, a trav\u00e9s de la Oficina de Personal comunica que a pedido del personal administrativo se ampl\u00eda las inscripciones. Por lo que se hace de conocimiento que el curso taller de capacitaci\u00f3n, dirigido a los trabajadores administrativos del Sector Educaci\u00f3n del \u00c1mbito Provincial, se estar\u00e1 realizando los d\u00edas <span style=\"font-size: 24px\"><span style=\"color: #0000ff;font-size: 23px\"><em>jueves 17 y viernes 18 de Agosto, a partir de las 8:15 a.m<\/em><\/span>.<\/span>, en el Auditorio de la I.ES. Mar\u00eda Asunci\u00f3n Galindo. Las inscripciones son v\u00eda web del 25 Julio al 16 de Agosto 2017.<\/strong><\/span><\/p>\n","protected":false},"excerpt":{"rendered":"<p>La Unidad de Gesti\u00f3n Educativa Local Chucuito Juli, a trav\u00e9s de la Oficina de Personal comunica que a pedido del personal administrativo se ampl\u00eda las inscripciones. Por lo que se hace de conocimiento que el curso taller de capacitaci\u00f3n, dirigido a los trabajadores administrativos del Sector Educaci\u00f3n del \u00c1mbito Provincial, se estar\u00e1 realizando los d\u00edas [&hellip;]<\/p>\n","protected":false},"author":1,"featured_media":0,"comment_status":"open","ping_status":"open","sticky":false,"template":"","format":"standard","meta":{"footnotes":""},"categories":[],"tags":[],"class_list":["post-482","post","type-post","status-publish","format-standard","hentry"],"_links":{"self":[{"href":"https:\/\/ugelchucuito.edu.pe\/portal\/wp-json\/wp\/v2\/posts\/482","targetHints":{"allow":["GET"]}}],"collection":[{"href":"https:\/\/ugelchucuito.edu.pe\/portal\/wp-json\/wp\/v2\/posts"}],"about":[{"href":"https:\/\/ugelchucuito.edu.pe\/portal\/wp-json\/wp\/v2\/types\/post"}],"author":[{"embeddable":true,"href":"https:\/\/ugelchucuito.edu.pe\/portal\/wp-json\/wp\/v2\/users\/1"}],"replies":[{"embeddable":true,"href":"https:\/\/ugelchucuito.edu.pe\/portal\/wp-json\/wp\/v2\/comments?post=482"}],"version-history":[{"count":7,"href":"https:\/\/ugelchucuito.edu.pe\/portal\/wp-json\/wp\/v2\/posts\/482\/revisions"}],"predecessor-version":[{"id":552,"href":"https:\/\/ugelchucuito.edu.pe\/portal\/wp-json\/wp\/v2\/posts\/482\/revisions\/552"}],"wp:attachment":[{"href":"https:\/\/ugelchucuito.edu.pe\/portal\/wp-json\/wp\/v2\/media?parent=482"}],"wp:term":[{"taxonomy":"category","embeddable":true,"href":"https:\/\/ugelchucuito.edu.pe\/portal\/wp-json\/wp\/v2\/categories?post=482"},{"taxonomy":"post_tag","embeddable":true,"href":"https:\/\/ugelchucuito.edu.pe\/portal\/wp-json\/wp\/v2\/tags?post=482"}],"curies":[{"name":"wp","href":"https:\/\/api.w.org\/{rel}","templated":true}]}}