{"id":4821,"date":"2018-11-26T15:38:20","date_gmt":"2018-11-26T20:38:20","guid":{"rendered":"http:\/\/ugelchucuito.edu.pe\/portal\/?p=4821"},"modified":"2018-11-26T15:38:20","modified_gmt":"2018-11-26T20:38:20","slug":"4821-2","status":"publish","type":"post","link":"https:\/\/ugelchucuito.edu.pe\/portal\/2018\/11\/26\/4821-2\/","title":{"rendered":""},"content":{"rendered":"<p>SE CONVOCA A TALLER SOBRE PROPUESTA DE POL\u00cdTICA PARA LA ATENCI\u00d3N DE ESTUDIANTES CON NECESIDADES ESPECIFICAS DE APOYO EDUCATIVO DE LA EDUCACI\u00d3N B\u00c1SICA, T\u00c9CNICO PRODUCTIVA Y SUPERIOR, EN EL MARCO DEL ENFOQUE INCLUSIVO.<\/p>\n<p><a href=\"http:\/\/ugelchucuito.edu.pe\/portal\/wp-content\/uploads\/2018\/11\/OFICIO-CONVOCATORIA-A-TALLER.pdf\">OFICIO CONVOCATORIA A TALLER<\/a><\/p>\n","protected":false},"excerpt":{"rendered":"<p>SE CONVOCA A TALLER SOBRE PROPUESTA DE POL\u00cdTICA PARA LA ATENCI\u00d3N DE ESTUDIANTES CON NECESIDADES ESPECIFICAS DE APOYO EDUCATIVO DE LA EDUCACI\u00d3N B\u00c1SICA, T\u00c9CNICO PRODUCTIVA Y SUPERIOR, EN EL MARCO DEL ENFOQUE INCLUSIVO. OFICIO CONVOCATORIA A TALLER<\/p>\n","protected":false},"author":1,"featured_media":0,"comment_status":"open","ping_status":"open","sticky":false,"template":"","format":"standard","meta":{"footnotes":""},"categories":[],"tags":[],"class_list":["post-4821","post","type-post","status-publish","format-standard","hentry"],"_links":{"self":[{"href":"https:\/\/ugelchucuito.edu.pe\/portal\/wp-json\/wp\/v2\/posts\/4821","targetHints":{"allow":["GET"]}}],"collection":[{"href":"https:\/\/ugelchucuito.edu.pe\/portal\/wp-json\/wp\/v2\/posts"}],"about":[{"href":"https:\/\/ugelchucuito.edu.pe\/portal\/wp-json\/wp\/v2\/types\/post"}],"author":[{"embeddable":true,"href":"https:\/\/ugelchucuito.edu.pe\/portal\/wp-json\/wp\/v2\/users\/1"}],"replies":[{"embeddable":true,"href":"https:\/\/ugelchucuito.edu.pe\/portal\/wp-json\/wp\/v2\/comments?post=4821"}],"version-history":[{"count":1,"href":"https:\/\/ugelchucuito.edu.pe\/portal\/wp-json\/wp\/v2\/posts\/4821\/revisions"}],"predecessor-version":[{"id":4824,"href":"https:\/\/ugelchucuito.edu.pe\/portal\/wp-json\/wp\/v2\/posts\/4821\/revisions\/4824"}],"wp:attachment":[{"href":"https:\/\/ugelchucuito.edu.pe\/portal\/wp-json\/wp\/v2\/media?parent=4821"}],"wp:term":[{"taxonomy":"category","embeddable":true,"href":"https:\/\/ugelchucuito.edu.pe\/portal\/wp-json\/wp\/v2\/categories?post=4821"},{"taxonomy":"post_tag","embeddable":true,"href":"https:\/\/ugelchucuito.edu.pe\/portal\/wp-json\/wp\/v2\/tags?post=4821"}],"curies":[{"name":"wp","href":"https:\/\/api.w.org\/{rel}","templated":true}]}}