{"id":4831,"date":"2018-11-27T16:41:28","date_gmt":"2018-11-27T21:41:28","guid":{"rendered":"http:\/\/ugelchucuito.edu.pe\/portal\/?p=4831"},"modified":"2018-11-27T16:42:38","modified_gmt":"2018-11-27T21:42:38","slug":"cuadro-de-distribucion-de-horas-pedagogicas-2019","status":"publish","type":"post","link":"https:\/\/ugelchucuito.edu.pe\/portal\/2018\/11\/27\/cuadro-de-distribucion-de-horas-pedagogicas-2019\/","title":{"rendered":"CUADRO DE DISTRIBUCI\u00d3N DE HORAS PEDAG\u00d3GICAS 2019"},"content":{"rendered":"<h3>Se comunica a los Directores de las IIEE de EBR Secundaria JER y JEC, CFRA y EBA (Ciclo avanzado), de acuerdo las normas vigentes deben proceder a la conformaci\u00f3n de las comisiones para la formulaci\u00f3n del Cuadro de Distribuci\u00f3n de Horas Pedag\u00f3gicas del periodo lectivo 2019, seg\u00fan cronograma.<\/h3>\n<h3><span style=\"color: #ffffff;\">.<\/span><\/h3>\n<h3><a href=\"http:\/\/ugelchucuito.edu.pe\/portal\/wp-content\/uploads\/2018\/11\/CUADRO-DE-DISTRIBUCI\u00d3N-DE-HORAS-PEDAG\u00d3GICAS-2019.pdf\" target=\"_blank\" rel=\"noopener\">DESCARGAR OFICO DE CdD DE HORAS PEDAG\u00d3GICAS 2019<\/a><\/h3>\n<h3><span style=\"color: #ffffff;\">.<\/span><\/h3>\n","protected":false},"excerpt":{"rendered":"<p>Se comunica a los Directores de las IIEE de EBR Secundaria JER y JEC, CFRA y EBA (Ciclo avanzado), de acuerdo las normas vigentes deben proceder a la conformaci\u00f3n de las comisiones para la formulaci\u00f3n del Cuadro de Distribuci\u00f3n de Horas Pedag\u00f3gicas del periodo lectivo 2019, seg\u00fan cronograma. . DESCARGAR OFICO DE CdD DE HORAS [&hellip;]<\/p>\n","protected":false},"author":1,"featured_media":0,"comment_status":"open","ping_status":"open","sticky":false,"template":"","format":"standard","meta":{"footnotes":""},"categories":[],"tags":[],"class_list":["post-4831","post","type-post","status-publish","format-standard","hentry"],"_links":{"self":[{"href":"https:\/\/ugelchucuito.edu.pe\/portal\/wp-json\/wp\/v2\/posts\/4831","targetHints":{"allow":["GET"]}}],"collection":[{"href":"https:\/\/ugelchucuito.edu.pe\/portal\/wp-json\/wp\/v2\/posts"}],"about":[{"href":"https:\/\/ugelchucuito.edu.pe\/portal\/wp-json\/wp\/v2\/types\/post"}],"author":[{"embeddable":true,"href":"https:\/\/ugelchucuito.edu.pe\/portal\/wp-json\/wp\/v2\/users\/1"}],"replies":[{"embeddable":true,"href":"https:\/\/ugelchucuito.edu.pe\/portal\/wp-json\/wp\/v2\/comments?post=4831"}],"version-history":[{"count":3,"href":"https:\/\/ugelchucuito.edu.pe\/portal\/wp-json\/wp\/v2\/posts\/4831\/revisions"}],"predecessor-version":[{"id":4835,"href":"https:\/\/ugelchucuito.edu.pe\/portal\/wp-json\/wp\/v2\/posts\/4831\/revisions\/4835"}],"wp:attachment":[{"href":"https:\/\/ugelchucuito.edu.pe\/portal\/wp-json\/wp\/v2\/media?parent=4831"}],"wp:term":[{"taxonomy":"category","embeddable":true,"href":"https:\/\/ugelchucuito.edu.pe\/portal\/wp-json\/wp\/v2\/categories?post=4831"},{"taxonomy":"post_tag","embeddable":true,"href":"https:\/\/ugelchucuito.edu.pe\/portal\/wp-json\/wp\/v2\/tags?post=4831"}],"curies":[{"name":"wp","href":"https:\/\/api.w.org\/{rel}","templated":true}]}}