{"id":4868,"date":"2018-11-29T16:46:35","date_gmt":"2018-11-29T21:46:35","guid":{"rendered":"http:\/\/ugelchucuito.edu.pe\/portal\/?p=4868"},"modified":"2018-11-29T16:46:35","modified_gmt":"2018-11-29T21:46:35","slug":"especialistas-del-minedu-desarrollan-conversatorio-taller","status":"publish","type":"post","link":"https:\/\/ugelchucuito.edu.pe\/portal\/2018\/11\/29\/especialistas-del-minedu-desarrollan-conversatorio-taller\/","title":{"rendered":"ESPECIALISTAS DEL MINEDU  DESARROLLAN CONVERSATORIO TALLER"},"content":{"rendered":"<p><strong>ESTRATEGIAS DE CAPACITACI\u00d3N SE ORIENTAN A LAS NECESIDADES QUE SE TIENEN EN EDUCACI\u00d3N B\u00c1SICA ESPECIAL<\/strong><\/p>\n<p>&nbsp;<\/p>\n<p>La Unidad\u00a0 de Gesti\u00f3n Educativa Local Chucuito Juli dentro del marco \u00a0del cumplimiento del plan\u00a0de capacitaciones, \u00a0y conforme a la resoluci\u00f3n ministerial N\u00b0426 del Ministerio de Educaci\u00f3n, se realiz\u00f3: <strong>\u201del <\/strong><strong>Conversatorio taller, sobre la <\/strong><strong>pol\u00edtica para la atenci\u00f3n de estudiantes con necesidades espec\u00edficas de apoyo educativo de la educaci\u00f3n b\u00e1sica, t\u00e9cnico productiva y superior\u201d.<\/strong><\/p>\n<p>Durante la ma\u00f1ana de hoy jueves 29 de noviembre, participaron estudiantes, docentes y padres de familia, quienes brindaron sus aportes para cerrar las brechas de acceso de personas con necesidades espec\u00edficas de apoyo educativo en todas las etapas, niveles y modalidades del sistema educativo nacional.<\/p>\n<p>Esta actividad estuvo dirigida por: Luz Valencia Paredes, Especialista\u00a0 de la Direcci\u00f3n\u00a0 de Educaci\u00f3n B\u00e1sica Especial del MINEDU y Valeria Tipismana Mechola de la Oficina\u00a0 De Seguimiento Y Evaluaci\u00f3n Estrat\u00e9gica, dichas profesionales viene realizando estos talleres en diferentes provincias a nivel nacional siendo Juli\u00a0 elegida para conocer m\u00e1s a fondo la problem\u00e1tica del acceso de personas con necesidades espec\u00edficas de apoyo educativo.<\/p>\n<p>Como producto del conversatorio taller, sobre la pol\u00edtica para la atenci\u00f3n de estudiantes con necesidades espec\u00edficas de apoyo educativo de la educaci\u00f3n b\u00e1sica, t\u00e9cnico productiva y superior, el MINEDU preparar\u00e1 una l\u00ednea base\u00a0 desde la realidad desde las provincias, para la formulaci\u00f3n de pol\u00edticas inclusivas educativas.<\/p>\n<p>Cabe se\u00f1alar\u00a0 que esta \u00a0actividad desarrollada por \u00a0la UGEL Chuycuito Juli, conjuntamente con el Ministerio de Educaci\u00f3n y se reflejar\u00e1 en favor de los estudiantes con habilidades especiales<\/p>\n<p>&nbsp;<\/p>\n<p>&nbsp;<\/p>\n<p><img loading=\"lazy\" decoding=\"async\" class=\"alignnone size-medium wp-image-4869\" src=\"http:\/\/ugelchucuito.edu.pe\/portal\/wp-content\/uploads\/2018\/11\/IMG_3086-300x169.jpg\" alt=\"\" width=\"300\" height=\"169\" \/> <img loading=\"lazy\" decoding=\"async\" class=\"alignnone size-medium wp-image-4870\" src=\"http:\/\/ugelchucuito.edu.pe\/portal\/wp-content\/uploads\/2018\/11\/IMG_3084-300x169.jpg\" alt=\"\" width=\"300\" height=\"169\" \/><\/p>\n","protected":false},"excerpt":{"rendered":"<p>ESTRATEGIAS DE CAPACITACI\u00d3N SE ORIENTAN A LAS NECESIDADES QUE SE TIENEN EN EDUCACI\u00d3N B\u00c1SICA ESPECIAL &nbsp; La Unidad\u00a0 de Gesti\u00f3n Educativa Local Chucuito Juli dentro del marco \u00a0del cumplimiento del plan\u00a0de capacitaciones, \u00a0y conforme a la resoluci\u00f3n ministerial N\u00b0426 del Ministerio de Educaci\u00f3n, se realiz\u00f3: \u201del Conversatorio taller, sobre la pol\u00edtica para la atenci\u00f3n de [&hellip;]<\/p>\n","protected":false},"author":1,"featured_media":0,"comment_status":"open","ping_status":"open","sticky":false,"template":"","format":"standard","meta":{"footnotes":""},"categories":[],"tags":[],"class_list":["post-4868","post","type-post","status-publish","format-standard","hentry"],"_links":{"self":[{"href":"https:\/\/ugelchucuito.edu.pe\/portal\/wp-json\/wp\/v2\/posts\/4868","targetHints":{"allow":["GET"]}}],"collection":[{"href":"https:\/\/ugelchucuito.edu.pe\/portal\/wp-json\/wp\/v2\/posts"}],"about":[{"href":"https:\/\/ugelchucuito.edu.pe\/portal\/wp-json\/wp\/v2\/types\/post"}],"author":[{"embeddable":true,"href":"https:\/\/ugelchucuito.edu.pe\/portal\/wp-json\/wp\/v2\/users\/1"}],"replies":[{"embeddable":true,"href":"https:\/\/ugelchucuito.edu.pe\/portal\/wp-json\/wp\/v2\/comments?post=4868"}],"version-history":[{"count":1,"href":"https:\/\/ugelchucuito.edu.pe\/portal\/wp-json\/wp\/v2\/posts\/4868\/revisions"}],"predecessor-version":[{"id":4872,"href":"https:\/\/ugelchucuito.edu.pe\/portal\/wp-json\/wp\/v2\/posts\/4868\/revisions\/4872"}],"wp:attachment":[{"href":"https:\/\/ugelchucuito.edu.pe\/portal\/wp-json\/wp\/v2\/media?parent=4868"}],"wp:term":[{"taxonomy":"category","embeddable":true,"href":"https:\/\/ugelchucuito.edu.pe\/portal\/wp-json\/wp\/v2\/categories?post=4868"},{"taxonomy":"post_tag","embeddable":true,"href":"https:\/\/ugelchucuito.edu.pe\/portal\/wp-json\/wp\/v2\/tags?post=4868"}],"curies":[{"name":"wp","href":"https:\/\/api.w.org\/{rel}","templated":true}]}}