{"id":5026,"date":"2018-12-14T10:46:49","date_gmt":"2018-12-14T15:46:49","guid":{"rendered":"http:\/\/ugelchucuito.edu.pe\/portal\/?p=5026"},"modified":"2018-12-14T10:46:49","modified_gmt":"2018-12-14T15:46:49","slug":"capacitacion-sobre-distribucion-de-horas-pedagogicas-del-periodo-lectivo-2019","status":"publish","type":"post","link":"https:\/\/ugelchucuito.edu.pe\/portal\/2018\/12\/14\/capacitacion-sobre-distribucion-de-horas-pedagogicas-del-periodo-lectivo-2019\/","title":{"rendered":"CAPACITACI\u00d3N SOBRE  DISTRIBUCI\u00d3N DE HORAS PEDAG\u00d3GICAS DEL PERIODO LECTIVO 2019"},"content":{"rendered":"<p><strong><u>CAPACITAN A DIRECTORES SOBRE CUADRO DE DISTRIBUCI\u00d3N DE HORAS PEDAG\u00d3GICAS DEL PERIODO LECTIVO 2019<\/u><\/strong><\/p>\n<p>En cumplimiento a la resoluci\u00f3n ministerial N\u00b0647-2018 la Unidad de Gesti\u00f3n Educativa Local Chucuito Juli, viene cumpliendo con el cronograma de actividades para la formulaci\u00f3n, presentaci\u00f3n y aprobaci\u00f3n del cuadro de distribuci\u00f3n de horas pedag\u00f3gicas del periodo lectivo 2019- EBR Secundaria y EBA Ciclo Avanzado.<\/p>\n<p>En tal sentido el pasado lunes 03 de diciembre se realiz\u00f3 la capacitaci\u00f3n dirigida a directores que son presidentes de las comisiones para la formulaci\u00f3n del cuadro lectivo de distribuci\u00f3n de horas 2019 de las instituciones educativas.<\/p>\n<p>Dicha actividad est\u00e1 organizada por la comisi\u00f3n, para la revisi\u00f3n y aprobaci\u00f3n de las propuestas del cuadro de distribuci\u00f3n de horas de la UGEL Chucuito Juli, participaron directores JER y JEC, cabe resaltar que la presentaci\u00f3n y sustentaci\u00f3n del cuadro de horas pedag\u00f3gicas 2019, ser\u00e1 desde el d\u00eda 12 al 21 de Diciembre del a\u00f1o en curso, en la sede.<\/p>\n<p><img loading=\"lazy\" decoding=\"async\" class=\"alignnone size-medium wp-image-5027\" src=\"http:\/\/ugelchucuito.edu.pe\/portal\/wp-content\/uploads\/2018\/12\/IMG_3551-300x169.jpg\" alt=\"\" width=\"300\" height=\"169\" \/> <img loading=\"lazy\" decoding=\"async\" class=\"alignnone size-medium wp-image-5028\" src=\"http:\/\/ugelchucuito.edu.pe\/portal\/wp-content\/uploads\/2018\/12\/IMG_3557-300x169.jpg\" alt=\"\" width=\"300\" height=\"169\" \/> <img loading=\"lazy\" decoding=\"async\" class=\"alignnone size-medium wp-image-5029\" src=\"http:\/\/ugelchucuito.edu.pe\/portal\/wp-content\/uploads\/2018\/12\/IMG_3579-300x169.jpg\" alt=\"\" width=\"300\" height=\"169\" \/> <img loading=\"lazy\" decoding=\"async\" class=\"alignnone size-medium wp-image-5030\" src=\"http:\/\/ugelchucuito.edu.pe\/portal\/wp-content\/uploads\/2018\/12\/IMG_3587-300x169.jpg\" alt=\"\" width=\"300\" height=\"169\" \/> <img loading=\"lazy\" decoding=\"async\" class=\"alignnone size-medium wp-image-5031\" src=\"http:\/\/ugelchucuito.edu.pe\/portal\/wp-content\/uploads\/2018\/12\/IMG_3605-300x169.jpg\" alt=\"\" width=\"300\" height=\"169\" \/><\/p>\n","protected":false},"excerpt":{"rendered":"<p>CAPACITAN A DIRECTORES SOBRE CUADRO DE DISTRIBUCI\u00d3N DE HORAS PEDAG\u00d3GICAS DEL PERIODO LECTIVO 2019 En cumplimiento a la resoluci\u00f3n ministerial N\u00b0647-2018 la Unidad de Gesti\u00f3n Educativa Local Chucuito Juli, viene cumpliendo con el cronograma de actividades para la formulaci\u00f3n, presentaci\u00f3n y aprobaci\u00f3n del cuadro de distribuci\u00f3n de horas pedag\u00f3gicas del periodo lectivo 2019- EBR Secundaria [&hellip;]<\/p>\n","protected":false},"author":1,"featured_media":0,"comment_status":"open","ping_status":"open","sticky":false,"template":"","format":"standard","meta":{"footnotes":""},"categories":[],"tags":[],"class_list":["post-5026","post","type-post","status-publish","format-standard","hentry"],"_links":{"self":[{"href":"https:\/\/ugelchucuito.edu.pe\/portal\/wp-json\/wp\/v2\/posts\/5026","targetHints":{"allow":["GET"]}}],"collection":[{"href":"https:\/\/ugelchucuito.edu.pe\/portal\/wp-json\/wp\/v2\/posts"}],"about":[{"href":"https:\/\/ugelchucuito.edu.pe\/portal\/wp-json\/wp\/v2\/types\/post"}],"author":[{"embeddable":true,"href":"https:\/\/ugelchucuito.edu.pe\/portal\/wp-json\/wp\/v2\/users\/1"}],"replies":[{"embeddable":true,"href":"https:\/\/ugelchucuito.edu.pe\/portal\/wp-json\/wp\/v2\/comments?post=5026"}],"version-history":[{"count":1,"href":"https:\/\/ugelchucuito.edu.pe\/portal\/wp-json\/wp\/v2\/posts\/5026\/revisions"}],"predecessor-version":[{"id":5033,"href":"https:\/\/ugelchucuito.edu.pe\/portal\/wp-json\/wp\/v2\/posts\/5026\/revisions\/5033"}],"wp:attachment":[{"href":"https:\/\/ugelchucuito.edu.pe\/portal\/wp-json\/wp\/v2\/media?parent=5026"}],"wp:term":[{"taxonomy":"category","embeddable":true,"href":"https:\/\/ugelchucuito.edu.pe\/portal\/wp-json\/wp\/v2\/categories?post=5026"},{"taxonomy":"post_tag","embeddable":true,"href":"https:\/\/ugelchucuito.edu.pe\/portal\/wp-json\/wp\/v2\/tags?post=5026"}],"curies":[{"name":"wp","href":"https:\/\/api.w.org\/{rel}","templated":true}]}}