{"id":5034,"date":"2018-12-14T10:50:59","date_gmt":"2018-12-14T15:50:59","guid":{"rendered":"http:\/\/ugelchucuito.edu.pe\/portal\/?p=5034"},"modified":"2018-12-14T10:50:59","modified_gmt":"2018-12-14T15:50:59","slug":"instalacion-de-la-mesa-contra-la-violencia-escolar","status":"publish","type":"post","link":"https:\/\/ugelchucuito.edu.pe\/portal\/2018\/12\/14\/instalacion-de-la-mesa-contra-la-violencia-escolar\/","title":{"rendered":"INSTALACI\u00d3N DE LA MESA CONTRA LA VIOLENCIA ESCOLAR"},"content":{"rendered":"<p><strong><u>UGEL CHUCUITO JULI PRESENTE EN LA INSTALACI\u00d3N DE LA MESA CONTRA LA VIOLENCIA ESCOLAR<\/u><\/strong><\/p>\n<p>El pasado lunes 03 de diciembre el Director de la UGEL Chucuito Juli Mg Jos\u00e9 Gabriel Vizcarra Fajardo participo en la instalaci\u00f3n de la Mesa Contra la Violencia Escolar, la actividad estuvo presidida por el Ministro de Educaci\u00f3n Daniel Alfaro Paredes, en la ciudad de Puno, quien se\u00f1al\u00f3 que el MINEDU viene emprendiendo acciones para combatir la violencia escolar, por ello es necesario sumar esfuerzos en esta tarea que nos compromete a todos, enfatiz\u00f3, cabe se\u00f1alar desde la UGEL Chucuito Juli se viene impulsando una campa\u00f1a por parte \u00a0\u00a0\u00a0de Convivencia Escolar en las diferentes instituciones educativas del \u00e1mbito de la Provincia de Chucuito Juli para prevenir la violencia escolar.<\/p>\n<p><img loading=\"lazy\" decoding=\"async\" class=\"alignnone size-medium wp-image-5035\" src=\"http:\/\/ugelchucuito.edu.pe\/portal\/wp-content\/uploads\/2018\/12\/RECORTE-02-300x180.png\" alt=\"\" width=\"300\" height=\"180\" \/><\/p>\n<p>&nbsp;<\/p>\n","protected":false},"excerpt":{"rendered":"<p>UGEL CHUCUITO JULI PRESENTE EN LA INSTALACI\u00d3N DE LA MESA CONTRA LA VIOLENCIA ESCOLAR El pasado lunes 03 de diciembre el Director de la UGEL Chucuito Juli Mg Jos\u00e9 Gabriel Vizcarra Fajardo participo en la instalaci\u00f3n de la Mesa Contra la Violencia Escolar, la actividad estuvo presidida por el Ministro de Educaci\u00f3n Daniel Alfaro Paredes, [&hellip;]<\/p>\n","protected":false},"author":1,"featured_media":0,"comment_status":"open","ping_status":"open","sticky":false,"template":"","format":"standard","meta":{"footnotes":""},"categories":[],"tags":[],"class_list":["post-5034","post","type-post","status-publish","format-standard","hentry"],"_links":{"self":[{"href":"https:\/\/ugelchucuito.edu.pe\/portal\/wp-json\/wp\/v2\/posts\/5034","targetHints":{"allow":["GET"]}}],"collection":[{"href":"https:\/\/ugelchucuito.edu.pe\/portal\/wp-json\/wp\/v2\/posts"}],"about":[{"href":"https:\/\/ugelchucuito.edu.pe\/portal\/wp-json\/wp\/v2\/types\/post"}],"author":[{"embeddable":true,"href":"https:\/\/ugelchucuito.edu.pe\/portal\/wp-json\/wp\/v2\/users\/1"}],"replies":[{"embeddable":true,"href":"https:\/\/ugelchucuito.edu.pe\/portal\/wp-json\/wp\/v2\/comments?post=5034"}],"version-history":[{"count":1,"href":"https:\/\/ugelchucuito.edu.pe\/portal\/wp-json\/wp\/v2\/posts\/5034\/revisions"}],"predecessor-version":[{"id":5037,"href":"https:\/\/ugelchucuito.edu.pe\/portal\/wp-json\/wp\/v2\/posts\/5034\/revisions\/5037"}],"wp:attachment":[{"href":"https:\/\/ugelchucuito.edu.pe\/portal\/wp-json\/wp\/v2\/media?parent=5034"}],"wp:term":[{"taxonomy":"category","embeddable":true,"href":"https:\/\/ugelchucuito.edu.pe\/portal\/wp-json\/wp\/v2\/categories?post=5034"},{"taxonomy":"post_tag","embeddable":true,"href":"https:\/\/ugelchucuito.edu.pe\/portal\/wp-json\/wp\/v2\/tags?post=5034"}],"curies":[{"name":"wp","href":"https:\/\/api.w.org\/{rel}","templated":true}]}}