{"id":506,"date":"2017-08-28T22:52:43","date_gmt":"2017-08-29T03:52:43","guid":{"rendered":"http:\/\/ugelchucuito.edu.pe\/portal\/?p=506"},"modified":"2017-08-28T23:03:21","modified_gmt":"2017-08-29T04:03:21","slug":"omisos-al-envio-de-informacion-de-contacto-de-su-iiee-reporte-al-10-de-agosto","status":"publish","type":"post","link":"https:\/\/ugelchucuito.edu.pe\/portal\/2017\/08\/28\/omisos-al-envio-de-informacion-de-contacto-de-su-iiee-reporte-al-10-de-agosto\/","title":{"rendered":"OMISOS AL ENVIO DE INFORMACI\u00d3N DE CONTACTO DE SU IIEE (reporte al 28 de agosto)"},"content":{"rendered":"<h2><a href=\"http:\/\/ugelchucuito.edu.pe\/portal\/wp-content\/uploads\/2017\/08\/INICIAL-Omisos-informacion-de-contacto-al-28-de-agosto.pdf\" target=\"_blank\" rel=\"noopener\">Inicial &#8211; Omisos informaci\u00f3n de contacto (al 28 de agosto)<\/a><\/h2>\n<h2><a href=\"http:\/\/ugelchucuito.edu.pe\/portal\/wp-content\/uploads\/2017\/08\/PRIMARIA-Omisos-informacion-de-contacto-al-28-de-agosto.pdf\" target=\"_blank\" rel=\"noopener\">Primaria &#8211; Omisos informaci\u00f3n de contacto (al 28 de agosto)<\/a><\/h2>\n<h2><a href=\"http:\/\/ugelchucuito.edu.pe\/portal\/wp-content\/uploads\/2017\/08\/SECUNDARIA-Omisos-informacion-de-contacto-al-28-de-agosto.pdf\" target=\"_blank\" rel=\"noopener\">Secundaria &#8211; Omisos informaci\u00f3n de contacto (al 28 de agosto)<\/a><\/h2>\n<p>Los Directores de la LISTA DE OMISOS del nivel Inicial, Primaria, Secundaria, CEBA y CETPRO deber\u00e1n de enviar dicha informaci\u00f3n seg\u00fan el cuadro adjunto (<strong>archivo<\/strong>\u00a0<strong>EXCEL<\/strong>) al correo electr\u00f3nico:<\/p>\n<h1 style=\"text-align: center;\"><span style=\"color: #ff0000;\"><strong>agpugelchucuito@gmail.com<\/strong><\/span><\/h1>\n<p>hasta el d\u00eda\u00a0<span style=\"color: #ff0000;\"><strong>DOMINGO 03 DE SEPTIEMBRE\u00a0<\/strong><\/span>\u00a0del presente a\u00f1o para remitir dicha informaci\u00f3n a la DREP y al Ministerio de Educaci\u00f3n (el siguiente reporte de omisos se publicar\u00e1 el d\u00eda lunes 04 de septiembre).<\/p>\n<h2><strong>NOTA:<\/strong>\u00a0Todos los datos deben de estar completos al momento del envio.\u00a0<strong>NO entregar nada en F\u00cdSICO a la UGEL.<\/strong><\/h2>\n<h3 style=\"text-align: center;\"><span style=\"color: #ff0000;\">ARCHIVO EXCEL:<\/span><\/h3>\n<h2 style=\"text-align: center;\"><span style=\"color: #ff0000;\"><a href=\"http:\/\/ugelchucuito.edu.pe\/portal\/wp-content\/uploads\/2017\/07\/Informacion-de-contacto-IIEE.xlsx\" target=\"_blank\" rel=\"noopener\">DESCARGAR ARCHIVO EXCEL (FORMATO)<\/a><\/span><\/h2>\n<h3><a href=\"http:\/\/ugelchucuito.edu.pe\/portal\/wp-content\/uploads\/2017\/07\/oficio-informacion-del-contacto-de-las-IIEEs.pdf\" target=\"_blank\" rel=\"noopener\">OFICIO informaci\u00f3n del contacto de las IIEEs \u2013 DREP-MINEDU<\/a><\/h3>\n","protected":false},"excerpt":{"rendered":"<p>Inicial &#8211; Omisos informaci\u00f3n de contacto (al 28 de agosto) Primaria &#8211; Omisos informaci\u00f3n de contacto (al 28 de agosto) Secundaria &#8211; Omisos informaci\u00f3n de contacto (al 28 de agosto) Los Directores de la LISTA DE OMISOS del nivel Inicial, Primaria, Secundaria, CEBA y CETPRO deber\u00e1n de enviar dicha informaci\u00f3n seg\u00fan el cuadro adjunto (archivo\u00a0EXCEL) [&hellip;]<\/p>\n","protected":false},"author":1,"featured_media":0,"comment_status":"open","ping_status":"open","sticky":false,"template":"","format":"standard","meta":{"footnotes":""},"categories":[],"tags":[],"class_list":["post-506","post","type-post","status-publish","format-standard","hentry"],"_links":{"self":[{"href":"https:\/\/ugelchucuito.edu.pe\/portal\/wp-json\/wp\/v2\/posts\/506","targetHints":{"allow":["GET"]}}],"collection":[{"href":"https:\/\/ugelchucuito.edu.pe\/portal\/wp-json\/wp\/v2\/posts"}],"about":[{"href":"https:\/\/ugelchucuito.edu.pe\/portal\/wp-json\/wp\/v2\/types\/post"}],"author":[{"embeddable":true,"href":"https:\/\/ugelchucuito.edu.pe\/portal\/wp-json\/wp\/v2\/users\/1"}],"replies":[{"embeddable":true,"href":"https:\/\/ugelchucuito.edu.pe\/portal\/wp-json\/wp\/v2\/comments?post=506"}],"version-history":[{"count":4,"href":"https:\/\/ugelchucuito.edu.pe\/portal\/wp-json\/wp\/v2\/posts\/506\/revisions"}],"predecessor-version":[{"id":599,"href":"https:\/\/ugelchucuito.edu.pe\/portal\/wp-json\/wp\/v2\/posts\/506\/revisions\/599"}],"wp:attachment":[{"href":"https:\/\/ugelchucuito.edu.pe\/portal\/wp-json\/wp\/v2\/media?parent=506"}],"wp:term":[{"taxonomy":"category","embeddable":true,"href":"https:\/\/ugelchucuito.edu.pe\/portal\/wp-json\/wp\/v2\/categories?post=506"},{"taxonomy":"post_tag","embeddable":true,"href":"https:\/\/ugelchucuito.edu.pe\/portal\/wp-json\/wp\/v2\/tags?post=506"}],"curies":[{"name":"wp","href":"https:\/\/api.w.org\/{rel}","templated":true}]}}